{"id":756,"date":"2025-03-26T11:54:45","date_gmt":"2025-03-26T10:54:45","guid":{"rendered":"https:\/\/europaem.eu\/appel-spatial-5g-risques-et-debats\/"},"modified":"2025-03-26T11:58:33","modified_gmt":"2025-03-26T10:58:33","slug":"appel-spatial-5g-risques-et-debats","status":"publish","type":"post","link":"https:\/\/europaem.eu\/fr\/appel-spatial-5g-risques-et-debats\/","title":{"rendered":"Appel spatial 5G : risques et d\u00e9bats"},"content":{"rendered":"\n<p>Saviez-vous qu&rsquo;un groupe de chercheurs australiens a constat\u00e9 que 68% des 2.266 \u00e9tudes analys\u00e9es montraient des effets biologiques ou sanitaires significatifs dus aux champs \u00e9lectromagn\u00e9tiques anthropiques ? Cette statistique alarmante n&rsquo;est qu&rsquo;une partie du d\u00e9bat sur le d\u00e9ploiement de la technologie 5G, qui suscite de grandes discussions dans le monde entier. <\/p>\n\n<p>Avec plus de 50.000 soutiens dans le monde entier, l&rsquo;appel international de l&rsquo;espace contre la 5G a trouv\u00e9 un \u00e9cho impressionnant. Mais pourquoi cette technologie suscite-t-elle des r\u00e9actions aussi fortes, notamment en ce qui concerne les risques pour la sant\u00e9 et les effets sur l&rsquo;environnement ? <\/p>\n\n<p>Les valeurs maximales recommand\u00e9es du d\u00e9bit d&rsquo;absorption sp\u00e9cifique (DAS) pour les rayonnements \u00e9lectromagn\u00e9tiques sont de 2 watts par kilogramme au niveau de la t\u00eate\/de l&rsquo;oreille, mais les critiques mettent en garde contre l&rsquo;augmentation consid\u00e9rable de l&rsquo;exposition forc\u00e9e due \u00e0 l&rsquo;extension pr\u00e9vue des sites de t\u00e9l\u00e9phonie mobile. Avec l&rsquo;introduction de la 5G, qui devrait transmettre jusqu&rsquo;\u00e0 1000 fois plus de donn\u00e9es que les g\u00e9n\u00e9rations pr\u00e9c\u00e9dentes, ce ne sont pas seulement d&rsquo;immenses progr\u00e8s technologiques qui sont en jeu, mais aussi des risques sanitaires et des effets environnementaux significatifs. <\/p>\n\n<p>Le d\u00e9bat autour de la 5G est complexe, touche divers domaines et exige des r\u00e9ponses. C&rsquo;est pr\u00e9cis\u00e9ment ce d\u00e9bat que nous allons approfondir dans les prochaines sections, en examinant en d\u00e9tail les aspects sanitaires, environnementaux et soci\u00e9taux. <\/p>\n\n<div id=\"ez-toc-container\" class=\"ez-toc-v2_0_81 counter-hierarchy ez-toc-counter ez-toc-grey ez-toc-container-direction\">\n<div class=\"ez-toc-title-container\">\n<p class=\"ez-toc-title\" style=\"cursor:inherit\">Content<\/p>\n<span class=\"ez-toc-title-toggle\"><a href=\"#\" class=\"ez-toc-pull-right ez-toc-btn ez-toc-btn-xs ez-toc-btn-default ez-toc-toggle\" aria-label=\"Toggle Table of Content\"><span class=\"ez-toc-js-icon-con\"><span class=\"\"><span class=\"eztoc-hide\" style=\"display:none;\">Toggle<\/span><span class=\"ez-toc-icon-toggle-span\"><svg style=\"fill: #999;color:#999\" xmlns=\"http:\/\/www.w3.org\/2000\/svg\" class=\"list-377408\" width=\"20px\" height=\"20px\" viewBox=\"0 0 24 24\" fill=\"none\"><path d=\"M6 6H4v2h2V6zm14 0H8v2h12V6zM4 11h2v2H4v-2zm16 0H8v2h12v-2zM4 16h2v2H4v-2zm16 0H8v2h12v-2z\" fill=\"currentColor\"><\/path><\/svg><svg style=\"fill: #999;color:#999\" class=\"arrow-unsorted-368013\" xmlns=\"http:\/\/www.w3.org\/2000\/svg\" width=\"10px\" height=\"10px\" viewBox=\"0 0 24 24\" version=\"1.2\" baseProfile=\"tiny\"><path d=\"M18.2 9.3l-6.2-6.3-6.2 6.3c-.2.2-.3.4-.3.7s.1.5.3.7c.2.2.4.3.7.3h11c.3 0 .5-.1.7-.3.2-.2.3-.5.3-.7s-.1-.5-.3-.7zM5.8 14.7l6.2 6.3 6.2-6.3c.2-.2.3-.5.3-.7s-.1-.5-.3-.7c-.2-.2-.4-.3-.7-.3h-11c-.3 0-.5.1-.7.3-.2.2-.3.5-.3.7s.1.5.3.7z\"\/><\/svg><\/span><\/span><\/span><\/a><\/span><\/div>\n<nav><ul class='ez-toc-list ez-toc-list-level-1 ' ><li class='ez-toc-page-1 ez-toc-heading-level-2'><a class=\"ez-toc-link ez-toc-heading-1\" href=\"https:\/\/europaem.eu\/fr\/appel-spatial-5g-risques-et-debats\/#Introduction_a_la_technologie_5G\" >Introduction \u00e0 la technologie 5G<\/a><ul class='ez-toc-list-level-3' ><li class='ez-toc-heading-level-3'><a class=\"ez-toc-link ez-toc-heading-2\" href=\"https:\/\/europaem.eu\/fr\/appel-spatial-5g-risques-et-debats\/#Quest-ce_que_la_5G\" >Qu&rsquo;est-ce que la 5G ?<\/a><\/li><li class='ez-toc-page-1 ez-toc-heading-level-3'><a class=\"ez-toc-link ez-toc-heading-3\" href=\"https:\/\/europaem.eu\/fr\/appel-spatial-5g-risques-et-debats\/#Progres_et_avantages_techniques\" >Progr\u00e8s et avantages techniques<\/a><\/li><li class='ez-toc-page-1 ez-toc-heading-level-3'><a class=\"ez-toc-link ez-toc-heading-4\" href=\"https:\/\/europaem.eu\/fr\/appel-spatial-5g-risques-et-debats\/#La_5G_dans_le_contexte_de_la_transformation_numerique\" >La 5G dans le contexte de la transformation num\u00e9rique<\/a><\/li><\/ul><\/li><li class='ez-toc-page-1 ez-toc-heading-level-2'><a class=\"ez-toc-link ez-toc-heading-5\" href=\"https:\/\/europaem.eu\/fr\/appel-spatial-5g-risques-et-debats\/#Risques_sanitaires_de_la_5G_letat_actuel_de_la_recherche\" >Risques sanitaires de la 5G : l&rsquo;\u00e9tat actuel de la recherche<\/a><ul class='ez-toc-list-level-3' ><li class='ez-toc-heading-level-3'><a class=\"ez-toc-link ez-toc-heading-6\" href=\"https:\/\/europaem.eu\/fr\/appel-spatial-5g-risques-et-debats\/#Les_rayonnements_electromagnetiques_et_leurs_effets\" >Les rayonnements \u00e9lectromagn\u00e9tiques et leurs effets<\/a><\/li><li class='ez-toc-page-1 ez-toc-heading-level-3'><a class=\"ez-toc-link ez-toc-heading-7\" href=\"https:\/\/europaem.eu\/fr\/appel-spatial-5g-risques-et-debats\/#Etudes_sur_les_effets_cancerigenes\" >\u00c9tudes sur les effets canc\u00e9rig\u00e8nes<\/a><\/li><li class='ez-toc-page-1 ez-toc-heading-level-3'><a class=\"ez-toc-link ez-toc-heading-8\" href=\"https:\/\/europaem.eu\/fr\/appel-spatial-5g-risques-et-debats\/#Risques_specifiques_pour_les_enfants_et_les_populations_sensibles\" >Risques sp\u00e9cifiques pour les enfants et les populations sensibles<\/a><\/li><\/ul><\/li><li class='ez-toc-page-1 ez-toc-heading-level-2'><a class=\"ez-toc-link ez-toc-heading-9\" href=\"https:\/\/europaem.eu\/fr\/appel-spatial-5g-risques-et-debats\/#Lappel_spatial_5G_contexte_et_revendications\" >L&rsquo;appel spatial 5G : contexte et revendications<\/a><\/li><li class='ez-toc-page-1 ez-toc-heading-level-2'><a class=\"ez-toc-link ez-toc-heading-10\" href=\"https:\/\/europaem.eu\/fr\/appel-spatial-5g-risques-et-debats\/#Protection_de_la_nature_et_aspects_environnementaux\" >Protection de la nature et aspects environnementaux<\/a><ul class='ez-toc-list-level-3' ><li class='ez-toc-heading-level-3'><a class=\"ez-toc-link ez-toc-heading-11\" href=\"https:\/\/europaem.eu\/fr\/appel-spatial-5g-risques-et-debats\/#Influence_de_la_5G_sur_la_flore_et_la_faune\" >Influence de la 5G sur la flore et la faune<\/a><\/li><li class='ez-toc-page-1 ez-toc-heading-level-3'><a class=\"ez-toc-link ez-toc-heading-12\" href=\"https:\/\/europaem.eu\/fr\/appel-spatial-5g-risques-et-debats\/#Effets_a_long_terme_sur_les_ecosystemes\" >Effets \u00e0 long terme sur les \u00e9cosyst\u00e8mes<\/a><\/li><li class='ez-toc-page-1 ez-toc-heading-level-3'><a class=\"ez-toc-link ez-toc-heading-13\" href=\"https:\/\/europaem.eu\/fr\/appel-spatial-5g-risques-et-debats\/#Initiatives_et_revendications_environnementales\" >Initiatives et revendications environnementales<\/a><\/li><\/ul><\/li><li class='ez-toc-page-1 ez-toc-heading-level-2'><a class=\"ez-toc-link ez-toc-heading-14\" href=\"https:\/\/europaem.eu\/fr\/appel-spatial-5g-risques-et-debats\/#Debats_sociaux_et_politiques\" >D\u00e9bats sociaux et politiques<\/a><ul class='ez-toc-list-level-3' ><li class='ez-toc-heading-level-3'><a class=\"ez-toc-link ez-toc-heading-15\" href=\"https:\/\/europaem.eu\/fr\/appel-spatial-5g-risques-et-debats\/#Perception_du_public_et_formation_de_lopinion\" >Perception du public et formation de l&rsquo;opinion<\/a><\/li><li class='ez-toc-page-1 ez-toc-heading-level-3'><a class=\"ez-toc-link ez-toc-heading-16\" href=\"https:\/\/europaem.eu\/fr\/appel-spatial-5g-risques-et-debats\/#Positions_et_arguments_du_gouvernement\" >Positions et arguments du gouvernement<\/a><\/li><li class='ez-toc-page-1 ez-toc-heading-level-3'><a class=\"ez-toc-link ez-toc-heading-17\" href=\"https:\/\/europaem.eu\/fr\/appel-spatial-5g-risques-et-debats\/#Prises_de_position_de_lindustrie_et_de_la_science\" >Prises de position de l&rsquo;industrie et de la science<\/a><\/li><\/ul><\/li><li class='ez-toc-page-1 ez-toc-heading-level-2'><a class=\"ez-toc-link ez-toc-heading-18\" href=\"https:\/\/europaem.eu\/fr\/appel-spatial-5g-risques-et-debats\/#Opportunites_technologiques_et_economiques_de_la_5G\" >Opportunit\u00e9s technologiques et \u00e9conomiques de la 5G<\/a><ul class='ez-toc-list-level-3' ><li class='ez-toc-heading-level-3'><a class=\"ez-toc-link ez-toc-heading-19\" href=\"https:\/\/europaem.eu\/fr\/appel-spatial-5g-risques-et-debats\/#Potentiels_pour_lindustrie_40\" >Potentiels pour l&rsquo;industrie 4.0<\/a><\/li><li class='ez-toc-page-1 ez-toc-heading-level-3'><a class=\"ez-toc-link ez-toc-heading-20\" href=\"https:\/\/europaem.eu\/fr\/appel-spatial-5g-risques-et-debats\/#Linnovation_dans_les_soins_de_sante_grace_a_la_5G\" >L&rsquo;innovation dans les soins de sant\u00e9 gr\u00e2ce \u00e0 la 5G<\/a><\/li><li class='ez-toc-page-1 ez-toc-heading-level-3'><a class=\"ez-toc-link ez-toc-heading-21\" href=\"https:\/\/europaem.eu\/fr\/appel-spatial-5g-risques-et-debats\/#Developpement_de_nouveaux_modeles_commerciaux\" >D\u00e9veloppement de nouveaux mod\u00e8les commerciaux<\/a><\/li><\/ul><\/li><li class='ez-toc-page-1 ez-toc-heading-level-2'><a class=\"ez-toc-link ez-toc-heading-22\" href=\"https:\/\/europaem.eu\/fr\/appel-spatial-5g-risques-et-debats\/#Developpements_futurs_et_defis\" >D\u00e9veloppements futurs et d\u00e9fis<\/a><\/li><\/ul><\/nav><\/div>\n<h2 class=\"wp-block-heading\"><span class=\"ez-toc-section\" id=\"Introduction_a_la_technologie_5G\"><\/span>Introduction \u00e0 la technologie 5G<span class=\"ez-toc-section-end\"><\/span><\/h2>\n\n<p>La technologie 5G marque une avanc\u00e9e majeure dans le secteur de la t\u00e9l\u00e9phonie mobile et constitue un moteur essentiel de la transformation num\u00e9rique. Capable d&rsquo;offrir des vitesses nettement plus \u00e9lev\u00e9es et des temps de latence r\u00e9duits, cette technologie ouvre la voie \u00e0 une multitude d&rsquo;applications et de possibilit\u00e9s qui vont bien au-del\u00e0 de ce que les g\u00e9n\u00e9rations pr\u00e9c\u00e9dentes ont permis. <\/p>\n\n<h3 class=\"wp-block-heading\"><span class=\"ez-toc-section\" id=\"Quest-ce_que_la_5G\"><\/span>Qu&rsquo;est-ce que la 5G ?<span class=\"ez-toc-section-end\"><\/span><\/h3>\n\n<p>La 5G repr\u00e9sente la cinqui\u00e8me g\u00e9n\u00e9ration de la technologie mobile et promet de changer radicalement la mani\u00e8re dont nous sommes connect\u00e9s. Avec des fr\u00e9quences principalement dans la bande des 3,5 GHz et des ench\u00e8res pr\u00e9vues pour la bande des 700 MHz, la 5G permet de connecter jusqu&rsquo;\u00e0 1 million d&rsquo;appareils IoT par kilom\u00e8tre carr\u00e9. L&rsquo;installation de stations de base dans les zones urbaines est n\u00e9cessaire \u00e0 une distance de 100 \u00e0 150 m\u00e8tres afin de garantir une couverture compl\u00e8te.  <\/p>\n\n<h3 class=\"wp-block-heading\"><span class=\"ez-toc-section\" id=\"Progres_et_avantages_techniques\"><\/span>Progr\u00e8s et avantages techniques<span class=\"ez-toc-section-end\"><\/span><\/h3>\n\n<p>Les progr\u00e8s techniques apport\u00e9s par la 5G comprennent des vitesses de transmission de donn\u00e9es plus \u00e9lev\u00e9es, une densit\u00e9 de r\u00e9seau plus importante et une fiabilit\u00e9 am\u00e9lior\u00e9e. Ces progr\u00e8s sont essentiels pour soutenir des applications telles que les v\u00e9hicules autonomes, les villes intelligentes et la surveillance m\u00e9dicale \u00e0 distance. Dans le m\u00eame temps, on s&rsquo;attend \u00e0 ce que la consommation d&rsquo;\u00e9nergie du secteur informatique soit plus que doubl\u00e9e par la 5G, ce qui implique de nouveaux d\u00e9fis.  <\/p>\n\n<h3 class=\"wp-block-heading\"><span class=\"ez-toc-section\" id=\"La_5G_dans_le_contexte_de_la_transformation_numerique\"><\/span>La 5G dans le contexte de la transformation num\u00e9rique<span class=\"ez-toc-section-end\"><\/span><\/h3>\n\n<p>La 5G est un catalyseur de la transformation num\u00e9rique et aide diff\u00e9rents secteurs \u00e0 r\u00e9aliser des progr\u00e8s techniques. Le d\u00e9ploiement du r\u00e9seau mobile 5G en Europe n\u00e9cessite des investissements d&rsquo;environ 500 milliards d&rsquo;euros et des milliers de nouvelles stations de transmission. Cependant, outre la mise en r\u00e9seau de l&rsquo;industrie 4.0 et le d\u00e9veloppement de nouveaux mod\u00e8les commerciaux, la 5G contribue \u00e9galement \u00e0 l&rsquo;acc\u00e9l\u00e9ration du changement climatique, en raison d&rsquo;une consommation accrue de ressources et d&rsquo;une augmentation de la demande d&rsquo;\u00e9nergie.  <\/p>\n\n<h2 class=\"wp-block-heading\"><span class=\"ez-toc-section\" id=\"Risques_sanitaires_de_la_5G_letat_actuel_de_la_recherche\"><\/span>Risques sanitaires de la 5G : l&rsquo;\u00e9tat actuel de la recherche<span class=\"ez-toc-section-end\"><\/span><\/h2>\n\n<p>L&rsquo;introduction de la technologie 5G a d\u00e9clench\u00e9 un d\u00e9bat intense sur les risques potentiels pour la sant\u00e9. Le rayonnement 5G et ses effets sur le corps humain sont particuli\u00e8rement au centre des pr\u00e9occupations. Les champs \u00e9lectromagn\u00e9tiques \u00e9mis par les r\u00e9seaux 5G font l&rsquo;objet de controverses et de nombreuses \u00e9tudes.  <\/p>\n\n<h3 class=\"wp-block-heading\"><span class=\"ez-toc-section\" id=\"Les_rayonnements_electromagnetiques_et_leurs_effets\"><\/span>Les rayonnements \u00e9lectromagn\u00e9tiques et leurs effets<span class=\"ez-toc-section-end\"><\/span><\/h3>\n\n<p>La 5G fonctionne avec des fr\u00e9quences autour de 2 GHz et 3,6 GHz, auxquelles s&rsquo;ajouteront dans les ann\u00e9es \u00e0 venir des plages de fr\u00e9quences autour de 26 GHz. Ces fr\u00e9quences d\u00e9passent le domaine des rayonnements \u00e0 basse fr\u00e9quence et se situent dans le domaine des hautes fr\u00e9quences. Les champs \u00e9lectromagn\u00e9tiques issus des rayonnements \u00e0 haute fr\u00e9quence peuvent avoir de multiples effets, dont certains sont encore mal compris.  <\/p>\n\n<figure class=\"wp-block-image aligncenter\"><img loading=\"lazy\" decoding=\"async\" width=\"1024\" height=\"683\" src=\"https:\/\/europaem.eu\/wp-content\/uploads\/2025\/03\/Gesundheitsrisiken-durch-5G-1024x683.jpg\" alt=\"Risques pour la sant&#xE9; li&#xE9;s &#xE0; la 5G\" class=\"wp-image-745\" title=\"Risques pour la sant&#xE9; li&#xE9;s &#xE0; la 5G\" srcset=\"https:\/\/europaem.eu\/wp-content\/uploads\/2025\/03\/Gesundheitsrisiken-durch-5G-1024x683.jpg 1024w, https:\/\/europaem.eu\/wp-content\/uploads\/2025\/03\/Gesundheitsrisiken-durch-5G-300x200.jpg 300w, https:\/\/europaem.eu\/wp-content\/uploads\/2025\/03\/Gesundheitsrisiken-durch-5G-768x512.jpg 768w, https:\/\/europaem.eu\/wp-content\/uploads\/2025\/03\/Gesundheitsrisiken-durch-5G.jpg 1152w\" sizes=\"auto, (max-width: 1024px) 100vw, 1024px\" \/><figcaption><\/figcaption><\/figure>\n\n<p><\/p>\n\n<h3 class=\"wp-block-heading\"><span class=\"ez-toc-section\" id=\"Etudes_sur_les_effets_cancerigenes\"><\/span>\u00c9tudes sur les effets canc\u00e9rig\u00e8nes<span class=\"ez-toc-section-end\"><\/span><\/h3>\n\n<p>Des \u00e9tudes ont montr\u00e9 que le rayonnement 5G pourrait \u00eatre potentiellement canc\u00e9rig\u00e8ne. Dans une \u00e9tude, environ 7000 rats et souris ont \u00e9t\u00e9 expos\u00e9s \u00e0 vie \u00e0 des radiations de t\u00e9l\u00e9phonie mobile pendant neuf heures par jour, ce qui a entra\u00een\u00e9 un d\u00e9veloppement accru de tumeurs chez les animaux m\u00e2les. Il convient de souligner que l&rsquo;intensit\u00e9 du rayonnement \u00e9tait nettement plus \u00e9lev\u00e9e dans l&rsquo;exp\u00e9rimentation animale que dans l&rsquo;environnement humain quotidien.  <\/p>\n\n<p>L&rsquo;Office f\u00e9d\u00e9ral de la protection contre les radiations souligne qu&rsquo;il n&rsquo;existe pas d&rsquo;effets nocifs connus en dessous des valeurs limites en vigueur. N\u00e9anmoins, 400 m\u00e9decins et scientifiques demandent des recherches plus compl\u00e8tes sur ces risques potentiels pour la sant\u00e9. <\/p>\n\n<h3 class=\"wp-block-heading\"><span class=\"ez-toc-section\" id=\"Risques_specifiques_pour_les_enfants_et_les_populations_sensibles\"><\/span>Risques sp\u00e9cifiques pour les enfants et les populations sensibles<span class=\"ez-toc-section-end\"><\/span><\/h3>\n\n<p>Une attention particuli\u00e8re est accord\u00e9e aux enfants et aux groupes de population sensibles, car ils sont consid\u00e9r\u00e9s comme potentiellement plus vuln\u00e9rables. Les petites structures cellulaires et les organes en d\u00e9veloppement pourraient \u00eatre plus sensibles aux champs \u00e9lectromagn\u00e9tiques. Cela n\u00e9cessite une r\u00e9glementation sp\u00e9cifique et des limites claires afin de minimiser les risques \u00e0 long terme pour la sant\u00e9.  <\/p>\n\n<p>En Allemagne, des voix scientifiques et publiques appellent \u00e0 la prudence et \u00e0 la poursuite des recherches. Des \u00e9tudes montrent qu&rsquo;\u00e0 une distance de 6-7 m\u00e8tres d&rsquo;une antenne 5G, la bio-exposition est beaucoup plus \u00e9lev\u00e9e qu&rsquo;avec les g\u00e9n\u00e9rations pr\u00e9c\u00e9dentes de t\u00e9l\u00e9phonie mobile. <\/p>\n\n<h2 class=\"wp-block-heading\"><span class=\"ez-toc-section\" id=\"Lappel_spatial_5G_contexte_et_revendications\"><\/span>L&rsquo;appel spatial 5G : contexte et revendications<span class=\"ez-toc-section-end\"><\/span><\/h2>\n\n<p>L&rsquo;Appel spatial 5G a attir\u00e9 l&rsquo;attention du monde entier en mettant en lumi\u00e8re les profondes questions technologiques et \u00e9thiques li\u00e9es \u00e0 l&rsquo;introduction de la 5G. Le d\u00e9ploiement de cette technologie de pointe soul\u00e8ve des questions essentielles sur l&rsquo;\u00e9thique technologique et les risques potentiels pour la sant\u00e9 li\u00e9s \u00e0 l&rsquo;augmentation de l&rsquo;exposition aux radiations. <\/p>\n\n<p>L&rsquo;une des principales pr\u00e9occupations de l&rsquo;Appel 5G concerne les effets des rayonnements \u00e0 haute fr\u00e9quence (HF) sur la sant\u00e9. Des \u00e9tudes scientifiques d\u00e9montrent que les rayonnements RF peuvent rendre malades les personnes particuli\u00e8rement sensibles. Plus de 10 000 publications \u00e9valu\u00e9es par des pairs appuient ces conclusions. L&rsquo;Appel spatial 5G demande donc une r\u00e9\u00e9valuation des normes de s\u00e9curit\u00e9 actuelles qui, jusqu&rsquo;\u00e0 pr\u00e9sent, ne prennent en compte que l&rsquo;effet thermique du rayonnement.   <\/p>\n\n<p>L&rsquo;\u00e9thique technologique joue un r\u00f4le crucial dans l&rsquo;\u00e9valuation du r\u00e9seau 5G. Les critiques soulignent que le d\u00e9ploiement \u00e0 grande \u00e9chelle de la 5G n\u00e9cessitera jusqu&rsquo;\u00e0 800.000 nouvelles tours de t\u00e9l\u00e9phonie mobile en Allemagne, ce qui augmentera consid\u00e9rablement l&rsquo;exposition aux radiations. On s&rsquo;attend notamment \u00e0 une densit\u00e9 de rayonnement plus \u00e9lev\u00e9e dans les zones urbaines, ce qui pourrait entra\u00eener des probl\u00e8mes de sant\u00e9.  <\/p>\n\n<p>Une autre pr\u00e9occupation centrale de l&rsquo;Appel spatial 5G est le d\u00e9ploiement de satellites dans l&rsquo;espace. Selon les pr\u00e9visions, jusqu&rsquo;\u00e0 20 000 nouveaux satellites devraient \u00eatre d\u00e9ploy\u00e9s pour le r\u00e9seau 5G. Cela pourrait multiplier les rayonnements HF et avoir des cons\u00e9quences \u00e9cologiques et sanitaires de grande ampleur. Des villes comme Rome, Florence et les cantons suisses de Gen\u00e8ve, Vaud et Jura ont d\u00e9j\u00e0 annonc\u00e9 un arr\u00eat provisoire du projet 5G.   <\/p>\n\n<p>Les revendications de l&rsquo;Appel 5G visent \u00e0 mettre l&rsquo;\u00e9thique technologique au premier plan et \u00e0 proc\u00e9der \u00e0 une \u00e9valuation globale des risques et des avantages de la 5G. Cela inclut la protection des groupes de population particuli\u00e8rement sensibles qui souffrent d\u00e9j\u00e0 de l&rsquo;exposition actuelle aux radiations. <\/p>\n\n<p>Dans l&rsquo;ensemble, l&rsquo;Appel de l&rsquo;espace souligne la n\u00e9cessit\u00e9 de mener des recherches approfondies et de communiquer de mani\u00e8re transparente sur les effets potentiels de la 5G. Seule une approche \u00e9thique et soutenue par la science permettra d&rsquo;orienter le d\u00e9veloppement technologique de mani\u00e8re \u00e0 ce qu&rsquo;il profite aux personnes et \u00e0 l&rsquo;environnement. <\/p>\n\n<figure class=\"wp-block-table\"><table class=\"has-fixed-layout\"><tbody><tr><th>Ville\/pays<\/th><th>Action<\/th><th>Raisons<\/th><\/tr><tr><td>Belgique<\/td><td>Arr\u00eat provisoire<\/td><td>Non-respect des normes de radioprotection<\/td><\/tr><tr><td>Rome<\/td><td>Arr\u00eat provisoire<\/td><td>Inqui\u00e9tudes pour la sant\u00e9<\/td><\/tr><tr><td>Florence<\/td><td>Arr\u00eat provisoire<\/td><td>Pr\u00e9occupations \u00e9cologiques<\/td><\/tr><tr><td>Gen\u00e8ve<\/td><td>Arr\u00eat provisoire<\/td><td>Exposition aux rayonnements<\/td><\/tr><tr><td>Vaud<\/td><td>Arr\u00eat provisoire<\/td><td>Exposition aux rayonnements<\/td><\/tr><tr><td>Jura<\/td><td>Arr\u00eat provisoire<\/td><td>Exposition aux rayonnements<\/td><\/tr><\/tbody><\/table><\/figure>\n\n<h2 class=\"wp-block-heading\"><span class=\"ez-toc-section\" id=\"Protection_de_la_nature_et_aspects_environnementaux\"><\/span>Protection de la nature et aspects environnementaux<span class=\"ez-toc-section-end\"><\/span><\/h2>\n\n<p>L&rsquo;impact environnemental de la 5G a d\u00e9clench\u00e9 un vaste d\u00e9bat sur la n\u00e9cessit\u00e9 de prot\u00e9ger les \u00e9cosyst\u00e8mes. Dans ce contexte, les effets sur la flore et la faune sont au centre de l&rsquo;attention. De nombreuses \u00e9tudes et organisations environnementales mettent en garde contre d&rsquo;\u00e9ventuels effets \u00e0 long terme sur nos \u00e9cosyst\u00e8mes. Parall\u00e8lement, des initiatives sont lanc\u00e9es dans toute l&rsquo;Europe pour promouvoir un d\u00e9ploiement durable et responsable des r\u00e9seaux 5G.   <\/p>\n\n<h3 class=\"wp-block-heading\"><span class=\"ez-toc-section\" id=\"Influence_de_la_5G_sur_la_flore_et_la_faune\"><\/span>Influence de la 5G sur la flore et la faune<span class=\"ez-toc-section-end\"><\/span><\/h3>\n\n<p>L&rsquo;impact des champs \u00e9lectromagn\u00e9tiques de la technologie 5G sur les plantes et les animaux est de plus en plus discut\u00e9. Selon une \u00e9tude de l&rsquo;Agence europ\u00e9enne pour l&rsquo;environnement, environ 70 % des habitats naturels de l&rsquo;UE sont dans un \u00e9tat de conservation d\u00e9favorable. Cette situation ne sera pas facilit\u00e9e par l&rsquo;introduction de nouvelles technologies telles que la 5G. Les pollinisateurs comme les abeilles, dont la population a diminu\u00e9 de 30 pour cent au cours des dix derni\u00e8res ann\u00e9es, sont particuli\u00e8rement menac\u00e9s.   <\/p>\n\n<h3 class=\"wp-block-heading\"><span class=\"ez-toc-section\" id=\"Effets_a_long_terme_sur_les_ecosystemes\"><\/span>Effets \u00e0 long terme sur les \u00e9cosyst\u00e8mes<span class=\"ez-toc-section-end\"><\/span><\/h3>\n\n<p>Les effets \u00e0 long terme de la 5G sur les \u00e9cosyst\u00e8mes ne sont pas encore totalement compris, mais les premiers r\u00e9sultats de la recherche montrent des tendances inqui\u00e9tantes. Le rayonnement \u00e9lectromagn\u00e9tique pourrait influencer le comportement des oiseaux et des insectes et perturber l&rsquo;\u00e9quilibre des \u00e9cosyst\u00e8mes. De plus, des concentrations \u00e9lev\u00e9es de champs \u00e9lectromagn\u00e9tiques pourraient avoir un impact n\u00e9gatif sur la croissance des plantes, mettant ainsi en p\u00e9ril la biodiversit\u00e9 et la protection des \u00e9cosyst\u00e8mes.  <\/p>\n\n<h3 class=\"wp-block-heading\"><span class=\"ez-toc-section\" id=\"Initiatives_et_revendications_environnementales\"><\/span>Initiatives et revendications environnementales<span class=\"ez-toc-section-end\"><\/span><\/h3>\n\n<p>Face \u00e0 ces inqui\u00e9tudes, des initiatives et des organisations environnementales appellent \u00e0 des mesures de protection de l&rsquo;environnement contre les effets environnementaux potentiellement n\u00e9fastes de la 5G. L&rsquo;Agence europ\u00e9enne pour l&rsquo;environnement a propos\u00e9 des mesures de surveillance et de r\u00e9gulation de l&rsquo;exposition aux radiations afin de minimiser l&rsquo;impact environnemental. Parall\u00e8lement, la Commission europ\u00e9enne a fix\u00e9 l&rsquo;objectif de r\u00e9duire les \u00e9missions de gaz \u00e0 effet de serre d&rsquo;au moins 55% d&rsquo;ici 2030 par rapport \u00e0 1990, afin de garantir une utilisation durable des nouvelles technologies.  <\/p>\n\n<h2 class=\"wp-block-heading\"><span class=\"ez-toc-section\" id=\"Debats_sociaux_et_politiques\"><\/span>D\u00e9bats sociaux et politiques<span class=\"ez-toc-section-end\"><\/span><\/h2>\n\n<p>L&rsquo;impact de la 5G sur la soci\u00e9t\u00e9 suscite de vives discussions en Allemagne. Alors que le d\u00e9veloppement technologique et les opportunit\u00e9s qu&rsquo;il offre ont de nombreux partisans, les critiques concernant les risques sanitaires et environnementaux sont sceptiques face \u00e0 ce progr\u00e8s. <\/p>\n\n<h3 class=\"wp-block-heading\"><span class=\"ez-toc-section\" id=\"Perception_du_public_et_formation_de_lopinion\"><\/span>Perception du public et formation de l&rsquo;opinion<span class=\"ez-toc-section-end\"><\/span><\/h3>\n\n<p>L&rsquo;opinion publique est divis\u00e9e sur la 5G. Environ 1.700 groupes de citoyens se sont form\u00e9s contre la 5G, ce qui montre que de nombreuses personnes sont pr\u00e9occup\u00e9es par les radiations et les risques potentiels pour la sant\u00e9. Des pays comme la France, Isra\u00ebl et Chypre ont d\u00e9j\u00e0 introduit des r\u00e9glementations rigides concernant la technologie sans fil dans les \u00e9coles afin de prot\u00e9ger la sant\u00e9.  <\/p>\n\n<h3 class=\"wp-block-heading\"><span class=\"ez-toc-section\" id=\"Positions_et_arguments_du_gouvernement\"><\/span>Positions et arguments du gouvernement<span class=\"ez-toc-section-end\"><\/span><\/h3>\n\n<p>Le d\u00e9bat politique est \u00e9galement intense au niveau gouvernemental. L&rsquo;Allemagne pr\u00e9voit de d\u00e9velopper avec plusieurs jeunes entreprises de construction de fus\u00e9es des \u00ab\u00a0micro-lanceurs\u00a0\u00bb pour des lancements de satellites plus petits, ce qui devrait renforcer sa propre capacit\u00e9 spatiale. L&rsquo;arm\u00e9e allemande a actuellement huit satellites dans l&rsquo;espace, mais il est pr\u00e9vu d&rsquo;augmenter ce nombre. Selon le minist\u00e8re f\u00e9d\u00e9ral de la D\u00e9fense, plusieurs pays sont d\u00e9j\u00e0 en mesure de combattre des satellites depuis la Terre.   <\/p>\n\n<h3 class=\"wp-block-heading\"><span class=\"ez-toc-section\" id=\"Prises_de_position_de_lindustrie_et_de_la_science\"><\/span>Prises de position de l&rsquo;industrie et de la science<span class=\"ez-toc-section-end\"><\/span><\/h3>\n\n<p>L&rsquo;industrie et la science ont \u00e9galement apport\u00e9 des contributions importantes au d\u00e9bat politique. Les experts soulignent l&rsquo;importance d&rsquo;un r\u00e9seau 5G solide pour le d\u00e9veloppement technologique et la croissance \u00e9conomique futurs. Malgr\u00e9 la classification des radiations de t\u00e9l\u00e9phonie mobile comme potentiellement canc\u00e9rig\u00e8nes par l&rsquo;OMS en 2011, les grandes compagnies de r\u00e9assurance telles que Swiss Re ont class\u00e9 la technologie dans le groupe de risque le plus \u00e9lev\u00e9 et ne proposent pas d&rsquo;assurance aux op\u00e9rateurs de r\u00e9seaux mobiles. Cette mesure illustre l&rsquo;urgence du d\u00e9bat politique sur les cons\u00e9quences sociales \u00e0 long terme de la 5G.   <\/p>\n\n<figure class=\"wp-block-table\"><table class=\"has-fixed-layout\"><tbody><tr><th>Pays<\/th><th>Mesures juridiques<\/th><\/tr><tr><td>France<\/td><td>Interdiction de la technologie sans fil dans les \u00e9coles<\/td><\/tr><tr><td>Isra\u00ebl<\/td><td>Interdiction de la technologie sans fil dans les \u00e9coles<\/td><\/tr><tr><td>Chypre<\/td><td>Interdiction de la technologie sans fil dans les \u00e9coles<\/td><\/tr><\/tbody><\/table><\/figure>\n\n<h2 class=\"wp-block-heading\"><span class=\"ez-toc-section\" id=\"Opportunites_technologiques_et_economiques_de_la_5G\"><\/span>Opportunit\u00e9s technologiques et \u00e9conomiques de la 5G<span class=\"ez-toc-section-end\"><\/span><\/h2>\n\n<p>L&rsquo;introduction de la 5G offre d&rsquo;immenses opportunit\u00e9s technologiques et \u00e9conomiques qui vont bien au-del\u00e0 d&rsquo;une vitesse Internet plus rapide. Ces opportunit\u00e9s concernent diff\u00e9rents secteurs, notamment l&rsquo;industrie 4.0 et la sant\u00e9. <\/p>\n\n<h3 class=\"wp-block-heading\"><span class=\"ez-toc-section\" id=\"Potentiels_pour_lindustrie_40\"><\/span>Potentiels pour l&rsquo;industrie 4.0<span class=\"ez-toc-section-end\"><\/span><\/h3>\n\n<p>L&rsquo;industrie 4.0 profite consid\u00e9rablement de la 5G gr\u00e2ce \u00e0 la communication en temps r\u00e9el entre les machines et les syst\u00e8mes. Avec des taux de transmission mobiles pouvant atteindre 20 Gbit\/s et des temps de latence inf\u00e9rieurs \u00e0 1 milliseconde, la 5G permet une optimisation des processus et une augmentation de l&rsquo;efficacit\u00e9 sans pr\u00e9c\u00e9dent. La r\u00e9duction de la consommation d&rsquo;\u00e9nergie, jusqu&rsquo;\u00e0 90% par rapport aux technologies pr\u00e9c\u00e9dentes, contribue en outre \u00e0 la durabilit\u00e9.  <\/p>\n\n<h3 class=\"wp-block-heading\"><span class=\"ez-toc-section\" id=\"Linnovation_dans_les_soins_de_sante_grace_a_la_5G\"><\/span>L&rsquo;innovation dans les soins de sant\u00e9 gr\u00e2ce \u00e0 la 5G<span class=\"ez-toc-section-end\"><\/span><\/h3>\n\n<p>La 5G dans le secteur de la sant\u00e9 ouvre de nouvelles dimensions dans les soins aux patients et la recherche m\u00e9dicale. Gr\u00e2ce \u00e0 une latence extr\u00eamement faible, les applications de t\u00e9l\u00e9m\u00e9decine peuvent \u00eatre r\u00e9alis\u00e9es en temps r\u00e9el, ce qui peut sauver des vies, notamment dans les situations d&rsquo;urgence. En outre, la 5G permet la mise en r\u00e9seau de plus de 100 milliards d&rsquo;appareils mobiles dans le monde, ce qui favorise le d\u00e9veloppement et le d\u00e9ploiement de dispositifs de sant\u00e9 intelligents. Ces appareils peuvent \u00eatre utilis\u00e9s pour une surveillance permanente de la sant\u00e9 et un traitement personnalis\u00e9.   <\/p>\n\n<h3 class=\"wp-block-heading\"><span class=\"ez-toc-section\" id=\"Developpement_de_nouveaux_modeles_commerciaux\"><\/span>D\u00e9veloppement de nouveaux mod\u00e8les commerciaux<span class=\"ez-toc-section-end\"><\/span><\/h3>\n\n<p>Les opportunit\u00e9s \u00e9conomiques offertes par la 5G sont prometteuses et comprennent le d\u00e9veloppement de nouveaux mod\u00e8les commerciaux \u00e0 travers diff\u00e9rents secteurs. Les start-ups et les entreprises \u00e9tablies peuvent proposer des services et des produits innovants qui b\u00e9n\u00e9ficient d&rsquo;une bande passante \u00e9lev\u00e9e et d&rsquo;une faible latence. L&rsquo;UE pr\u00e9voit d&rsquo;investir jusqu&rsquo;\u00e0 200 milliards d&rsquo;euros suppl\u00e9mentaires dans le d\u00e9ploiement de r\u00e9seaux gigabit, ce qui renforce encore les opportunit\u00e9s \u00e9conomiques. La vaste couverture 5G en Allemagne, qui atteint d\u00e9j\u00e0 89% du territoire, offre une base solide pour la croissance des entreprises.   <\/p>\n\n<p>Avec toutes ces avanc\u00e9es techniques, il est clair que la 5G apporte de vastes avantages \u00e9conomiques et technologiques. Qu&rsquo;il s&rsquo;agisse d&rsquo;optimiser les processus de production dans l&rsquo;industrie 4.0, d&rsquo;innover dans le domaine de la sant\u00e9 ou de cr\u00e9er de nouvelles opportunit\u00e9s commerciales, les opportunit\u00e9s \u00e9conomiques offertes par la 5G sont extraordinairement prometteuses. <\/p>\n\n<h2 class=\"wp-block-heading\"><span class=\"ez-toc-section\" id=\"Developpements_futurs_et_defis\"><\/span>D\u00e9veloppements futurs et d\u00e9fis<span class=\"ez-toc-section-end\"><\/span><\/h2>\n\n<p>L&rsquo;<em>avenir de la 5G<\/em> se trouve \u00e0 un tournant d\u00e9cisif, car des d\u00e9fis technologiques et \u00e9conomiques doivent \u00eatre r\u00e9solus afin d&rsquo;exploiter pleinement le potentiel de cette technologie. Face aux prix \u00e9lev\u00e9s de l&rsquo;\u00e9lectricit\u00e9, qui affectent la rentabilit\u00e9 et la capacit\u00e9 d&rsquo;innovation de l&rsquo;\u00e9conomie allemande, les entreprises cherchent des moyens plus efficaces pour faire face \u00e0 ces co\u00fbts \u00e9nerg\u00e9tiques. Les industries \u00e0 forte consommation d&rsquo;\u00e9nergie sont particuli\u00e8rement concern\u00e9es, car elles doivent agir dans un environnement concurrentiel difficile tout en supportant des co\u00fbts \u00e9lev\u00e9s.  <\/p>\n\n<p>Un autre probl\u00e8me urgent est celui des obstacles bureaucratiques qui obligent les entreprises \u00e0 investir des ressources consid\u00e9rables dans la conformit\u00e9 r\u00e9glementaire plut\u00f4t que dans l&rsquo;innovation et la croissance. Alors que les salaires bruts \u00e9lev\u00e9s sont dus aux charges financi\u00e8res de l&rsquo;\u00c9tat social, les salaires nets stagnent, ce qui r\u00e9duit consid\u00e9rablement la marge de man\u0153uvre pour les investissements et l&rsquo;expansion. Pour renforcer la <em>comp\u00e9titivit\u00e9<\/em>, une r\u00e9orientation de la politique \u00e9conomique est n\u00e9cessaire, dans laquelle le concept d&rsquo;\u00e9conomie sociale de march\u00e9 de Ludwig Erhard pourrait servir de mod\u00e8le pour un renouveau \u00e9conomique.  <\/p>\n\n<p>Lors de la vente aux ench\u00e8res du spectre 5G en 2019, l&rsquo;Allemagne a pay\u00e9 pr\u00e8s de 6,6 milliards d&rsquo;euros, alors que des pays comme la Finlande ont attribu\u00e9 des fr\u00e9quences gratuitement et que l&rsquo;Autriche a pay\u00e9 des dizaines de millions d&rsquo;euros. Pour relever les d\u00e9fis <em>technologiques<\/em> et \u00e9conomiques \u00e0 venir, des investissements bien pens\u00e9s dans l&rsquo;infrastructure num\u00e9rique sont indispensables. Hannes Ametsreiter souligne la n\u00e9cessit\u00e9 d&rsquo;orienter ces fonds de mani\u00e8re cibl\u00e9e afin de combler les trous dans la couverture radio et de renforcer la position de l&rsquo;Allemagne dans la concurrence mondiale.  <\/p>\n\n<p>Face \u00e0 la pand\u00e9mie, il s&rsquo;est av\u00e9r\u00e9 que les capacit\u00e9s des r\u00e9seaux existants \u00e9taient souvent insuffisantes, notamment pour les familles scolaris\u00e9es \u00e0 domicile et les bureaux \u00e0 domicile. Le besoin de bandes passantes plus \u00e9lev\u00e9es et de connexions stables est plus important que jamais. L&rsquo;Allemagne doit fournir davantage de capital-risque et de capital de croissance, \u00e0 l&rsquo;instar de pays comme Isra\u00ebl et les \u00c9tats-Unis, afin de stimuler la capacit\u00e9 d&rsquo;innovation. L&rsquo;<em>avenir de la 5G<\/em> d\u00e9pend fortement de la rapidit\u00e9 et de l&rsquo;efficacit\u00e9 avec lesquelles ces <em>d\u00e9fis technologiques seront relev\u00e9s<\/em>.   <\/p>\n","protected":false},"excerpt":{"rendered":"<p>D\u00e9couvrez tout ce qu&rsquo;il faut savoir sur l&rsquo;appel spatial 5G, ses risques et les d\u00e9bats en cours sur l&rsquo;impact de la 5G sur l&rsquo;homme et la nature.<\/p>\n","protected":false},"author":1,"featured_media":743,"comment_status":"closed","ping_status":"open","sticky":false,"template":"","format":"standard","meta":{"_kadence_starter_templates_imported_post":false,"_kad_post_transparent":"","_kad_post_title":"","_kad_post_layout":"","_kad_post_sidebar_id":"","_kad_post_content_style":"","_kad_post_vertical_padding":"","_kad_post_feature":"","_kad_post_feature_position":"","_kad_post_header":false,"_kad_post_footer":false,"_kad_post_classname":"","footnotes":""},"categories":[22,26],"tags":[],"class_list":["post-756","post","type-post","status-publish","format-standard","has-post-thumbnail","hentry","category-non-categorise","category-sante"],"_links":{"self":[{"href":"https:\/\/europaem.eu\/fr\/wp-json\/wp\/v2\/posts\/756","targetHints":{"allow":["GET"]}}],"collection":[{"href":"https:\/\/europaem.eu\/fr\/wp-json\/wp\/v2\/posts"}],"about":[{"href":"https:\/\/europaem.eu\/fr\/wp-json\/wp\/v2\/types\/post"}],"author":[{"embeddable":true,"href":"https:\/\/europaem.eu\/fr\/wp-json\/wp\/v2\/users\/1"}],"replies":[{"embeddable":true,"href":"https:\/\/europaem.eu\/fr\/wp-json\/wp\/v2\/comments?post=756"}],"version-history":[{"count":0,"href":"https:\/\/europaem.eu\/fr\/wp-json\/wp\/v2\/posts\/756\/revisions"}],"wp:featuredmedia":[{"embeddable":true,"href":"https:\/\/europaem.eu\/fr\/wp-json\/wp\/v2\/media\/743"}],"wp:attachment":[{"href":"https:\/\/europaem.eu\/fr\/wp-json\/wp\/v2\/media?parent=756"}],"wp:term":[{"taxonomy":"category","embeddable":true,"href":"https:\/\/europaem.eu\/fr\/wp-json\/wp\/v2\/categories?post=756"},{"taxonomy":"post_tag","embeddable":true,"href":"https:\/\/europaem.eu\/fr\/wp-json\/wp\/v2\/tags?post=756"}],"curies":[{"name":"wp","href":"https:\/\/api.w.org\/{rel}","templated":true}]}}