{"id":906,"date":"2025-03-27T22:16:08","date_gmt":"2025-03-27T21:16:08","guid":{"rendered":"https:\/\/europaem.eu\/7-ejercicios-para-aumentar-la-atencion-plena-sencillos-y-eficaces\/"},"modified":"2025-03-27T22:17:13","modified_gmt":"2025-03-27T21:17:13","slug":"7-ejercicios-para-aumentar-la-atencion-plena-sencillos-y-eficaces","status":"publish","type":"post","link":"https:\/\/europaem.eu\/es\/7-ejercicios-para-aumentar-la-atencion-plena-sencillos-y-eficaces\/","title":{"rendered":"7 ejercicios para aumentar la atenci\u00f3n plena: sencillos y eficaces"},"content":{"rendered":"\n<p>\u00bfSe ha preguntado alguna vez por qu\u00e9 algunas personas mantienen <strong>la calma<\/strong> incluso en una vida cotidiana agitada, mientras que otras pierden el rumbo incluso en los momentos m\u00e1s peque\u00f1os de estr\u00e9s? La respuesta suele estar en una pr\u00e1ctica sencilla: la atenci\u00f3n plena. <\/p>\n\n<p>Estudios modernos demuestran que bastan unos <em>minutos<\/em> al d\u00eda para entrenar el cerebro. Se activan redes especiales, las llamadas <em>\u00ab\u00e1reas mindfulness\u00bb<\/em>. Ayudan a ordenar los pensamientos con m\u00e1s claridad y a vivir el momento con m\u00e1s intensidad.  <\/p>\n\n<p>En este art\u00edculo aprender\u00e1s <strong>m\u00e9todos de eficacia probada<\/strong> que puedes integrar f\u00e1cilmente en tu rutina diaria. Ya sea esperando el autob\u00fas o durante la pausa para comer: cada momento se convierte en una oportunidad para vivir de forma m\u00e1s consciente. Aprender\u00e1s a:  <\/p>\n\n<ul class=\"wp-block-list\">\n<li>Reducir el estr\u00e9s mediante t\u00e9cnicas de respiraci\u00f3n espec\u00edficas<\/li>\n\n\n\n<li>Interrumpir las espirales de pensamiento<\/li>\n\n\n\n<li>Convierta las rutinas diarias en peque\u00f1os descansos<\/li>\n<\/ul>\n\n<p>No se preocupe, no se trata de meditar durante horas. Los enfoques aqu\u00ed presentados funcionan con s\u00f3lo 2-3 minutos. Pru\u00e9balo y descubre c\u00f3mo cambia tu visi\u00f3n del mundo.  <\/p>\n\n<div id=\"ez-toc-container\" class=\"ez-toc-v2_0_81 counter-hierarchy ez-toc-counter ez-toc-grey ez-toc-container-direction\">\n<div class=\"ez-toc-title-container\">\n<p class=\"ez-toc-title\" style=\"cursor:inherit\">Content<\/p>\n<span class=\"ez-toc-title-toggle\"><a href=\"#\" class=\"ez-toc-pull-right ez-toc-btn ez-toc-btn-xs ez-toc-btn-default ez-toc-toggle\" aria-label=\"Alternar tabla de contenidos\"><span class=\"ez-toc-js-icon-con\"><span class=\"\"><span class=\"eztoc-hide\" style=\"display:none;\">Toggle<\/span><span class=\"ez-toc-icon-toggle-span\"><svg style=\"fill: #999;color:#999\" xmlns=\"http:\/\/www.w3.org\/2000\/svg\" class=\"list-377408\" width=\"20px\" height=\"20px\" viewBox=\"0 0 24 24\" fill=\"none\"><path d=\"M6 6H4v2h2V6zm14 0H8v2h12V6zM4 11h2v2H4v-2zm16 0H8v2h12v-2zM4 16h2v2H4v-2zm16 0H8v2h12v-2z\" fill=\"currentColor\"><\/path><\/svg><svg style=\"fill: #999;color:#999\" class=\"arrow-unsorted-368013\" xmlns=\"http:\/\/www.w3.org\/2000\/svg\" width=\"10px\" height=\"10px\" viewBox=\"0 0 24 24\" version=\"1.2\" baseProfile=\"tiny\"><path d=\"M18.2 9.3l-6.2-6.3-6.2 6.3c-.2.2-.3.4-.3.7s.1.5.3.7c.2.2.4.3.7.3h11c.3 0 .5-.1.7-.3.2-.2.3-.5.3-.7s-.1-.5-.3-.7zM5.8 14.7l6.2 6.3 6.2-6.3c.2-.2.3-.5.3-.7s-.1-.5-.3-.7c-.2-.2-.4-.3-.7-.3h-11c-.3 0-.5.1-.7.3-.2.2-.3.5-.3.7s.1.5.3.7z\"\/><\/svg><\/span><\/span><\/span><\/a><\/span><\/div>\n<nav><ul class='ez-toc-list ez-toc-list-level-1 ' ><li class='ez-toc-page-1 ez-toc-heading-level-2'><a class=\"ez-toc-link ez-toc-heading-1\" href=\"https:\/\/europaem.eu\/es\/7-ejercicios-para-aumentar-la-atencion-plena-sencillos-y-eficaces\/#Resumen_de_los_hechos_mas_importantes\" >Resumen de los hechos m\u00e1s importantes<\/a><\/li><li class='ez-toc-page-1 ez-toc-heading-level-2'><a class=\"ez-toc-link ez-toc-heading-2\" href=\"https:\/\/europaem.eu\/es\/7-ejercicios-para-aumentar-la-atencion-plena-sencillos-y-eficaces\/#Introduccion_Descubrir_el_camino_hacia_una_mayor_atencion_plena\" >Introducci\u00f3n: Descubrir el camino hacia una mayor atenci\u00f3n plena<\/a><\/li><li class='ez-toc-page-1 ez-toc-heading-level-2'><a class=\"ez-toc-link ez-toc-heading-3\" href=\"https:\/\/europaem.eu\/es\/7-ejercicios-para-aumentar-la-atencion-plena-sencillos-y-eficaces\/#Los_fundamentos_de_la_atencion_plena_en_la_vida_cotidiana\" >Los fundamentos de la atenci\u00f3n plena en la vida cotidiana<\/a><ul class='ez-toc-list-level-3' ><li class='ez-toc-heading-level-3'><a class=\"ez-toc-link ez-toc-heading-4\" href=\"https:\/\/europaem.eu\/es\/7-ejercicios-para-aumentar-la-atencion-plena-sencillos-y-eficaces\/#%C2%BFQue_es_la_atencion_plena\" >\u00bfQu\u00e9 es la atenci\u00f3n plena?<\/a><\/li><li class='ez-toc-page-1 ez-toc-heading-level-3'><a class=\"ez-toc-link ez-toc-heading-5\" href=\"https:\/\/europaem.eu\/es\/7-ejercicios-para-aumentar-la-atencion-plena-sencillos-y-eficaces\/#Como_reacciona_nuestro_cerebro\" >C\u00f3mo reacciona nuestro cerebro<\/a><\/li><\/ul><\/li><li class='ez-toc-page-1 ez-toc-heading-level-2'><a class=\"ez-toc-link ez-toc-heading-6\" href=\"https:\/\/europaem.eu\/es\/7-ejercicios-para-aumentar-la-atencion-plena-sencillos-y-eficaces\/#7_ejercicios_para_ser_mas_consciente\" >7 ejercicios para ser m\u00e1s consciente<\/a><ul class='ez-toc-list-level-3' ><li class='ez-toc-heading-level-3'><a class=\"ez-toc-link ez-toc-heading-7\" href=\"https:\/\/europaem.eu\/es\/7-ejercicios-para-aumentar-la-atencion-plena-sencillos-y-eficaces\/#Reducir_el_estres_en_90_segundos\" >Reducir el estr\u00e9s en 90 segundos<\/a><\/li><li class='ez-toc-page-1 ez-toc-heading-level-3'><a class=\"ez-toc-link ez-toc-heading-8\" href=\"https:\/\/europaem.eu\/es\/7-ejercicios-para-aumentar-la-atencion-plena-sencillos-y-eficaces\/#Entrenar_la_compostura\" >Entrenar la compostura<\/a><\/li><\/ul><\/li><li class='ez-toc-page-1 ez-toc-heading-level-2'><a class=\"ez-toc-link ez-toc-heading-9\" href=\"https:\/\/europaem.eu\/es\/7-ejercicios-para-aumentar-la-atencion-plena-sencillos-y-eficaces\/#Mindfulness_y_reduccion_del_estres\" >Mindfulness y reducci\u00f3n del estr\u00e9s<\/a><ul class='ez-toc-list-level-3' ><li class='ez-toc-heading-level-3'><a class=\"ez-toc-link ez-toc-heading-10\" href=\"https:\/\/europaem.eu\/es\/7-ejercicios-para-aumentar-la-atencion-plena-sencillos-y-eficaces\/#Efectos_sobre_el_cuerpo_y_la_mente\" >Efectos sobre el cuerpo y la mente<\/a><\/li><\/ul><\/li><li class='ez-toc-page-1 ez-toc-heading-level-2'><a class=\"ez-toc-link ez-toc-heading-11\" href=\"https:\/\/europaem.eu\/es\/7-ejercicios-para-aumentar-la-atencion-plena-sencillos-y-eficaces\/#Atencion_plena_al_comer_y_respirar\" >Atenci\u00f3n plena al comer y respirar<\/a><ul class='ez-toc-list-level-3' ><li class='ez-toc-heading-level-3'><a class=\"ez-toc-link ez-toc-heading-12\" href=\"https:\/\/europaem.eu\/es\/7-ejercicios-para-aumentar-la-atencion-plena-sencillos-y-eficaces\/#La_alimentacion_consciente_como_experiencia\" >La alimentaci\u00f3n consciente como experiencia<\/a><\/li><li class='ez-toc-page-1 ez-toc-heading-level-3'><a class=\"ez-toc-link ez-toc-heading-13\" href=\"https:\/\/europaem.eu\/es\/7-ejercicios-para-aumentar-la-atencion-plena-sencillos-y-eficaces\/#El_poder_de_la_respiracion_consciente\" >El poder de la respiraci\u00f3n consciente<\/a><\/li><\/ul><\/li><li class='ez-toc-page-1 ez-toc-heading-level-2'><a class=\"ez-toc-link ez-toc-heading-14\" href=\"https:\/\/europaem.eu\/es\/7-ejercicios-para-aumentar-la-atencion-plena-sencillos-y-eficaces\/#Ejercicios_de_atencion_plena_para_momentos_especiales\" >Ejercicios de atenci\u00f3n plena para momentos especiales<\/a><ul class='ez-toc-list-level-3' ><li class='ez-toc-heading-level-3'><a class=\"ez-toc-link ez-toc-heading-15\" href=\"https:\/\/europaem.eu\/es\/7-ejercicios-para-aumentar-la-atencion-plena-sencillos-y-eficaces\/#Superar_las_crisis_con_amabilidad\" >Superar las crisis con amabilidad<\/a><\/li><\/ul><\/li><li class='ez-toc-page-1 ez-toc-heading-level-2'><a class=\"ez-toc-link ez-toc-heading-16\" href=\"https:\/\/europaem.eu\/es\/7-ejercicios-para-aumentar-la-atencion-plena-sencillos-y-eficaces\/#Consejos_para_integrar_la_atencion_plena_en_la_vida_laboral_cotidiana\" >Consejos para integrar la atenci\u00f3n plena en la vida laboral cotidiana<\/a><ul class='ez-toc-list-level-3' ><li class='ez-toc-heading-level-3'><a class=\"ez-toc-link ez-toc-heading-17\" href=\"https:\/\/europaem.eu\/es\/7-ejercicios-para-aumentar-la-atencion-plena-sencillos-y-eficaces\/#Las_pausas_del_correo_electronico_como_miniejercicio\" >Las pausas del correo electr\u00f3nico como miniejercicio<\/a><\/li><li class='ez-toc-page-1 ez-toc-heading-level-3'><a class=\"ez-toc-link ez-toc-heading-18\" href=\"https:\/\/europaem.eu\/es\/7-ejercicios-para-aumentar-la-atencion-plena-sencillos-y-eficaces\/#Rituales_para_un_mayor_equilibrio_en_el_trabajo\" >Rituales para un mayor equilibrio en el trabajo<\/a><\/li><\/ul><\/li><li class='ez-toc-page-1 ez-toc-heading-level-2'><a class=\"ez-toc-link ez-toc-heading-19\" href=\"https:\/\/europaem.eu\/es\/7-ejercicios-para-aumentar-la-atencion-plena-sencillos-y-eficaces\/#Conclusion\" >Conclusi\u00f3n<\/a><\/li><li class='ez-toc-page-1 ez-toc-heading-level-2'><a class=\"ez-toc-link ez-toc-heading-20\" href=\"https:\/\/europaem.eu\/es\/7-ejercicios-para-aumentar-la-atencion-plena-sencillos-y-eficaces\/#FAQ\" >FAQ<\/a><ul class='ez-toc-list-level-3' ><li class='ez-toc-heading-level-3'><a class=\"ez-toc-link ez-toc-heading-21\" href=\"https:\/\/europaem.eu\/es\/7-ejercicios-para-aumentar-la-atencion-plena-sencillos-y-eficaces\/#%C2%BFComo_empiezo_con_la_atencion_plena_en_la_vida_cotidiana\" >\u00bfC\u00f3mo empiezo con la atenci\u00f3n plena en la vida cotidiana?<\/a><\/li><li class='ez-toc-page-1 ez-toc-heading-level-3'><a class=\"ez-toc-link ez-toc-heading-22\" href=\"https:\/\/europaem.eu\/es\/7-ejercicios-para-aumentar-la-atencion-plena-sencillos-y-eficaces\/#%C2%BFCuales_son_los_beneficios_de_la_alimentacion_consciente\" >\u00bfCu\u00e1les son los beneficios de la alimentaci\u00f3n consciente?<\/a><\/li><li class='ez-toc-page-1 ez-toc-heading-level-3'><a class=\"ez-toc-link ez-toc-heading-23\" href=\"https:\/\/europaem.eu\/es\/7-ejercicios-para-aumentar-la-atencion-plena-sencillos-y-eficaces\/#%C2%BFPuede_la_respiracion_consciente_ayudar_con_el_estres_agudo\" >\u00bfPuede la respiraci\u00f3n consciente ayudar con el estr\u00e9s agudo?<\/a><\/li><li class='ez-toc-page-1 ez-toc-heading-level-3'><a class=\"ez-toc-link ez-toc-heading-24\" href=\"https:\/\/europaem.eu\/es\/7-ejercicios-para-aumentar-la-atencion-plena-sencillos-y-eficaces\/#%C2%BFComo_puedo_ser_mas_consciente_en_el_trabajo\" >\u00bfC\u00f3mo puedo ser m\u00e1s consciente en el trabajo?<\/a><\/li><li class='ez-toc-page-1 ez-toc-heading-level-3'><a class=\"ez-toc-link ez-toc-heading-25\" href=\"https:\/\/europaem.eu\/es\/7-ejercicios-para-aumentar-la-atencion-plena-sencillos-y-eficaces\/#%C2%BFQue_significa_%C2%ABautocompasion%C2%BB_en_la_practica\" >\u00bfQu\u00e9 significa \u00abautocompasi\u00f3n\u00bb en la pr\u00e1ctica?<\/a><\/li><li class='ez-toc-page-1 ez-toc-heading-level-3'><a class=\"ez-toc-link ez-toc-heading-26\" href=\"https:\/\/europaem.eu\/es\/7-ejercicios-para-aumentar-la-atencion-plena-sencillos-y-eficaces\/#%C2%BFSe_han_demostrado_cientificamente_los_efectos_del_mindfulness\" >\u00bfSe han demostrado cient\u00edficamente los efectos del mindfulness?<\/a><\/li><li class='ez-toc-page-1 ez-toc-heading-level-3'><a class=\"ez-toc-link ez-toc-heading-27\" href=\"https:\/\/europaem.eu\/es\/7-ejercicios-para-aumentar-la-atencion-plena-sencillos-y-eficaces\/#%C2%BFComo_mantener_el_equilibrio_emocional_en_las_crisis\" >\u00bfC\u00f3mo mantener el equilibrio emocional en las crisis?<\/a><\/li><\/ul><\/li><\/ul><\/nav><\/div>\n<h2 class=\"wp-block-heading\"><span class=\"ez-toc-section\" id=\"Resumen_de_los_hechos_mas_importantes\"><\/span>Resumen de los hechos m\u00e1s importantes<span class=\"ez-toc-section-end\"><\/span><\/h2>\n\n<ul class=\"wp-block-list\">\n<li>\ud83e\udde0 <strong>Mindfulness te hace fuerte<\/strong><br\/>Se ha demostrado que el entrenamiento regular de mindfulness refuerza tu <strong>resistencia mental<\/strong>.<\/li>\n\n\n\n<li>\u23f1\ufe0f <strong>S\u00f3lo 90 segundos bastan<\/strong><br\/>S\u00f3lo <strong>un minuto y medio al d\u00eda<\/strong> puede tener <strong>un efecto positivo a largo plazo<\/strong> en tu bienestar.<\/li>\n\n\n\n<li>\ud83c\udf3f <strong>Mindfulness encaja en el d\u00eda a d\u00eda<\/strong><br\/><strong>Unos sencillos ejercicios<\/strong> pueden integrarse en cualquier lugar, ya sea cepillarse los dientes, esperar o dar un paseo.<\/li>\n\n\n\n<li>\ud83e\uddec <strong>Tu cerebro aprende con<\/strong><br\/>La pr\u00e1ctica constante <strong>cambia tu estructura neuronal<\/strong>: \u00a1tu cerebro se vuelve m\u00e1s consciente!<\/li>\n\n\n\n<li>\ud83c\udf2c\ufe0f <strong>Respire con calma<\/strong><br\/><strong>La respiraci\u00f3n consciente<\/strong> reduce notablemente <strong>los niveles de estr\u00e9s<\/strong>, a menudo tras s\u00f3lo unos minutos.<\/li>\n<\/ul>\n\n<h2 class=\"wp-block-heading\"><span class=\"ez-toc-section\" id=\"Introduccion_Descubrir_el_camino_hacia_una_mayor_atencion_plena\"><\/span>Introducci\u00f3n: Descubrir el camino hacia una mayor atenci\u00f3n plena<span class=\"ez-toc-section-end\"><\/span><\/h2>\n\n<p>En un mundo que clama constantemente por atenci\u00f3n, la conciencia consciente se convierte en un superpoder. <strong>Mindfulness<\/strong> no significa sentarse con las piernas cruzadas durante horas. Se trata de captar el momento presente con todos los sentidos, incluso cuando se va a por caf\u00e9 o se tiende la colada. <\/p>\n\n<p>Investigadores de la Universidad de Harvard descubrieron que las personas pasan el 47% de sus horas de <em>vigilia<\/em> pensando en el pasado o el futuro. \u00abEl truco est\u00e1 en desconectar el piloto autom\u00e1tico\u00bb, explica la psic\u00f3loga Lena Berg. \u00abS\u00f3lo tres respiraciones conscientes por hora nos anclan en el aqu\u00ed y el ahora\u00bb.  <\/p>\n\n<p><strong>Int\u00e9ntalo<\/strong>: Siente c\u00f3mo tus pies tocan el suelo mientras caminas hacia el metro. Huele intensamente la sopa del almuerzo antes de servirla con la cuchara. Estas mini pausas act\u00faan como botones de reinicio para los <em>pensamientos<\/em> estresados.  <\/p>\n\n<p>Cada d\u00eda ofrece innumerables oportunidades para redescubrir el mundo. No se necesita tiempo extra, s\u00f3lo la decisi\u00f3n de hacer m\u00e1s conscientemente las cosas que ya haces. Empieza ahora. Tu yo futuro te lo agradecer\u00e1.   <\/p>\n\n<h2 class=\"wp-block-heading\"><span class=\"ez-toc-section\" id=\"Los_fundamentos_de_la_atencion_plena_en_la_vida_cotidiana\"><\/span>Los fundamentos de la atenci\u00f3n plena en la vida cotidiana<span class=\"ez-toc-section-end\"><\/span><\/h2>\n\n<p>Cada vez son m\u00e1s las personas que descubren c\u00f3mo las peque\u00f1as pausas conscientes pueden transformar <strong>la vida cotidiana<\/strong>. Mindfulness significa permanecer en el <em>ahora<\/em> con los sentidos abiertos, incluso durante las actividades rutinarias. <\/p>\n\n<figure class=\"wp-block-embed is-type-video is-provider-youtube wp-block-embed-youtube wp-embed-aspect-16-9 wp-has-aspect-ratio\"><div class=\"wp-block-embed__wrapper\">\n<iframe loading=\"lazy\" title=\"5 \u00dcbungen f\u00fcr mehr Achtsamkeit im Alltag | Gef\u00fchlssache\" width=\"720\" height=\"405\" src=\"https:\/\/www.youtube.com\/embed\/xpExXBKrRPo?feature=oembed\" frameborder=\"0\" allow=\"accelerometer; autoplay; clipboard-write; encrypted-media; gyroscope; picture-in-picture; web-share\" referrerpolicy=\"strict-origin-when-cross-origin\" allowfullscreen><\/iframe>\n<\/div><\/figure>\n\n<h3 class=\"wp-block-heading\"><span class=\"ez-toc-section\" id=\"%C2%BFQue_es_la_atencion_plena\"><\/span>\u00bfQu\u00e9 es la atenci\u00f3n plena?<span class=\"ez-toc-section-end\"><\/span><\/h3>\n\n<p>Los expertos definen <strong>m\u00e1s mindfulness<\/strong> como percepci\u00f3n intencionada sin juicio. En lugar de perseguir <em>los pensamientos<\/em>, obs\u00e9rvalos como nubes en el cielo. Esta actitud reduce el estr\u00e9s y agudiza los sentidos.  <\/p>\n\n<h3 class=\"wp-block-heading\"><span class=\"ez-toc-section\" id=\"Como_reacciona_nuestro_cerebro\"><\/span>C\u00f3mo reacciona nuestro cerebro<span class=\"ez-toc-section-end\"><\/span><\/h3>\n\n<p>Neurocient\u00edficos de la Universidad de Friburgo descubrieron que s\u00f3lo 2 minutos de pr\u00e1ctica diaria activan el <em>c\u00f3rtex prefrontal<\/em>. Esta zona controla la atenci\u00f3n y la regulaci\u00f3n de las emociones. <\/p>\n\n<blockquote class=\"wp-block-quote is-layout-flow wp-block-quote-is-layout-flow\">\n<p>\u00abEl entrenamiento regular moldea el cerebro como los m\u00fasculos en el deporte\u00bb<\/p>\n<\/blockquote>\n\n<figure class=\"wp-block-table\"><table class=\"has-fixed-layout\"><tbody><tr><th>Actividad<\/th><th>Dise\u00f1o tradicional<\/th><th>Variante consciente<\/th><\/tr><tr><td>Cepillarse los dientes<\/td><td>Autom\u00e1tico, despistado<\/td><td>Sentir los movimientos del pincel, el sabor de la pasta<\/td><\/tr><tr><td>Esperando en el sem\u00e1foro<\/td><td>Impaciencia, comprobaci\u00f3n del tel\u00e9fono m\u00f3vil<\/td><td>Observar la respiraci\u00f3n, percibir los sonidos del entorno<\/td><\/tr><\/tbody><\/table><\/figure>\n\n<p>Un <strong>ejemplo<\/strong> pr\u00e1ctico: un estudio con cuidadores demostr\u00f3 que 8 semanas de formaci\u00f3n aumentaron en un 23% la capacidad de empat\u00eda. Al mismo tiempo, los niveles de estr\u00e9s disminuyeron de forma apreciable. <\/p>\n\n<p>Pru\u00e9belo hoy mismo. T\u00f3mate un momento para observar conscientemente tu postura al sentarte. Siente c\u00f3mo se siente tu cuerpo, sin cambiar nada. Aqu\u00ed empieza la magia de <strong>la atenci\u00f3n plena en la vida cotidiana<\/strong>.   <\/p>\n\n<h2 class=\"wp-block-heading\"><span class=\"ez-toc-section\" id=\"7_ejercicios_para_ser_mas_consciente\"><\/span>7 ejercicios para ser m\u00e1s consciente<span class=\"ez-toc-section-end\"><\/span><\/h2>\n\n<p>La atenci\u00f3n plena no tiene por qu\u00e9 ser complicada. Estas <strong>t\u00e9cnicas pr\u00e1cticas<\/strong> transforman las rutinas diarias en poderosos <em>momentos<\/em> de autoconciencia. Act\u00faan como un bot\u00f3n de reinicio para los <em>pensamientos<\/em> sobrecargados.  <\/p>\n\n<h3 class=\"wp-block-heading\"><span class=\"ez-toc-section\" id=\"Reducir_el_estres_en_90_segundos\"><\/span>Reducir el estr\u00e9s en 90 segundos<span class=\"ez-toc-section-end\"><\/span><\/h3>\n\n<ul class=\"wp-block-list\">\n<li><strong>Ancla respiratoria:<\/strong> inspira durante 3 segundos, espira durante 6 segundos &#8211; 5 rondas. Siente c\u00f3mo se ralentiza tu pulso <\/li>\n\n\n\n<li><strong>Ejercicio Sultana:<\/strong> Explora un alimento con todos tus sentidos. Percibe conscientemente la forma, el olor y la textura. <\/li>\n\n\n\n<li><strong>Exploraci\u00f3n corporal:<\/strong> Recorre tu cuerpo desde los dedos de los pies hasta la parte superior de la cabeza. La tensi\u00f3n se libera por s\u00ed sola <\/li>\n<\/ul>\n\n<h3 class=\"wp-block-heading\"><span class=\"ez-toc-section\" id=\"Entrenar_la_compostura\"><\/span>Entrenar la compostura<span class=\"ez-toc-section-end\"><\/span><\/h3>\n\n<p>Prueba estos trucos:<\/p>\n\n<ol class=\"wp-block-list\">\n<li>Mientras esperas: en lugar de mirar el m\u00f3vil, observa tu entorno: sonidos, juegos de luz, movimientos del aire<\/li>\n\n\n\n<li>Al caminar: Siente cada paso. \u00bfC\u00f3mo rueda el pie? \u00bfQu\u00e9 m\u00fasculos trabajan?  <\/li>\n\n\n\n<li>Antes de comer: Toma tres bocados conscientes. Descubre los matices del sabor <\/li>\n<\/ol>\n\n<p>Est\u00e1 demostrado que estos ejercicios de atenci\u00f3n plena modifican la actividad cerebral. Un estudio de la Universidad de Maguncia muestra que los participantes reaccionan con m\u00e1s calma a los factores estresantes despu\u00e9s de s\u00f3lo 14 d\u00edas. \u00bfEl truco? <strong>Regularidad en lugar de perfecci\u00f3n<\/strong>.  <\/p>\n\n<p>Utiliza estas t\u00e9cnicas cuando te laves los dientes o esperes. Las cosas tediosas se convierten en mini tiempos muertos. Tu d\u00eda ganar\u00e1 en calidad, sin perder m\u00e1s tiempo.  <\/p>\n\n<h2 class=\"wp-block-heading\"><span class=\"ez-toc-section\" id=\"Mindfulness_y_reduccion_del_estres\"><\/span>Mindfulness y reducci\u00f3n del estr\u00e9s<span class=\"ez-toc-section-end\"><\/span><\/h2>\n\n<p>\u00bfC\u00f3mo afecta la atenci\u00f3n consciente a nuestra percepci\u00f3n del estr\u00e9s? Cient\u00edficos del Instituto Max Planck descubrieron que la pr\u00e1ctica regular reduce los niveles de cortisol hasta en un 28%. Al mismo tiempo, aumenta la actividad en zonas del cerebro responsables del <strong>equilibrio emocional<\/strong>.  <\/p>\n\n<figure class=\"wp-block-image aligncenter\"><img loading=\"lazy\" decoding=\"async\" width=\"1024\" height=\"585\" src=\"https:\/\/europaem.eu\/wp-content\/uploads\/2025\/03\/Achtsamkeit-und-Stressreduktion-1024x585.jpeg\" alt=\"Mindfulness y reducci&#xF3;n del estr&#xE9;s\" class=\"wp-image-881\" title=\"Mindfulness y reducci&#xF3;n del estr&#xE9;s\" srcset=\"https:\/\/europaem.eu\/wp-content\/uploads\/2025\/03\/Achtsamkeit-und-Stressreduktion-1024x585.jpeg 1024w, https:\/\/europaem.eu\/wp-content\/uploads\/2025\/03\/Achtsamkeit-und-Stressreduktion-300x171.jpeg 300w, https:\/\/europaem.eu\/wp-content\/uploads\/2025\/03\/Achtsamkeit-und-Stressreduktion-768x439.jpeg 768w, https:\/\/europaem.eu\/wp-content\/uploads\/2025\/03\/Achtsamkeit-und-Stressreduktion.jpeg 1344w\" sizes=\"auto, (max-width: 1024px) 100vw, 1024px\" \/><figcaption><\/figcaption><\/figure>\n\n<p><\/p>\n\n<h3 class=\"wp-block-heading\"><span class=\"ez-toc-section\" id=\"Efectos_sobre_el_cuerpo_y_la_mente\"><\/span>Efectos sobre el cuerpo y la mente<span class=\"ez-toc-section-end\"><\/span><\/h3>\n\n<p>Nuestro cuerpo reacciona a la velocidad del rayo a los ejercicios de respiraci\u00f3n consciente. El ritmo card\u00edaco disminuye notablemente tras s\u00f3lo 90 segundos. Pru\u00e9belo ahora: Respire profundamente hacia el est\u00f3mago: \u00bfsiente c\u00f3mo se relajan los hombros?  <\/p>\n\n<figure class=\"wp-block-table\"><table class=\"has-fixed-layout\"><tbody><tr><th>Situaci\u00f3n<\/th><th>Sin atenci\u00f3n plena<\/th><th>Con atenci\u00f3n plena<\/th><\/tr><tr><td>Plazo de trabajo<\/td><td>Pulso acelerado, m\u00fasculos tensos<\/td><td>Concentraci\u00f3n clara, respiraci\u00f3n controlada<\/td><\/tr><tr><td>Disputa familiar<\/td><td>Inundaci\u00f3n emocional<\/td><td>Reacci\u00f3n tranquila<\/td><\/tr><tr><td>Atasco en hora punta<\/td><td>Rebeli\u00f3n interior<\/td><td>Observaci\u00f3n neutral<\/td><\/tr><\/tbody><\/table><\/figure>\n\n<p>Un estudio de la Charit\u00e9 de Berl\u00edn muestra que los participantes que <em>hac\u00edan ejercicio<\/em> a diario <em>durante unos minutos<\/em> ten\u00edan valores de tensi\u00f3n arterial un 15% m\u00e1s bajos.<\/p>\n\n<blockquote class=\"wp-block-quote is-layout-flow wp-block-quote-is-layout-flow\">\n<p>\u00abMindfulness funciona como un tranquilizante natural, sin efectos secundarios\u00bb<\/p>\n<\/blockquote>\n\n<p>explica la neurocient\u00edfica Dra. Julia Meyer.<\/p>\n\n<p>Un <strong>ejemplo pr\u00e1ctico<\/strong>: empieza las reuniones con una pausa <em>de 30 segundos<\/em>. Conc\u00e9ntrate en tres respiraciones conscientes. Este peque\u00f1o cambio puede hacer que todo el <em>d\u00eda<\/em> est\u00e9s m\u00e1s relajado.  <\/p>\n\n<p>Haz de las interrupciones conscientes un h\u00e1bito. Tanto si est\u00e1s tomando un caf\u00e9 como haciendo una llamada importante, cada momento de silencio refuerza tu <strong>paz<\/strong> interior. Tu cuerpo y tu mente te lo agradecer\u00e1n.  <\/p>\n\n<h2 class=\"wp-block-heading\"><span class=\"ez-toc-section\" id=\"Atencion_plena_al_comer_y_respirar\"><\/span>Atenci\u00f3n plena al comer y respirar<span class=\"ez-toc-section-end\"><\/span><\/h2>\n\n<p>\u00bfQu\u00e9 ocurre cuando convertimos los rituales cotidianos en viajes sensoriales? Una cucharada de yogur se convierte en una experiencia gustativa, una respiraci\u00f3n profunda en una fuente de energ\u00eda. Esta pr\u00e1ctica no s\u00f3lo cambia nuestra percepci\u00f3n, sino que nos proporciona <strong>valiosos descansos<\/strong> en nuestra ajetreada rutina diaria.  <\/p>\n\n<h3 class=\"wp-block-heading\"><span class=\"ez-toc-section\" id=\"La_alimentacion_consciente_como_experiencia\"><\/span>La alimentaci\u00f3n consciente como experiencia<span class=\"ez-toc-section-end\"><\/span><\/h3>\n\n<p>Prueba el tenedor en lugar del piloto autom\u00e1tico: M\u00e9tete conscientemente el primer bocado en la boca. \u00bfSiente la textura? \u00bfSiente los sabores \u00e1cidos o dulces? Los estudios lo demuestran: Quienes <strong>comen m\u00e1s despacio<\/strong> perciben mejor las se\u00f1ales de saciedad.   <\/p>\n\n<p>Un ejercicio de Mindfulness-Based Stress Reduction:<\/p>\n\n<ol class=\"wp-block-list\">\n<li>Mira la comida durante 10 segundos como si fuera un objeto desconocido<\/li>\n\n\n\n<li>Huela intensamente: \u00bfqu\u00e9 recuerdos le evoca el aroma?<\/li>\n\n\n\n<li>Masticar al menos 15 veces cada bocado<\/li>\n<\/ol>\n\n<h3 class=\"wp-block-heading\"><span class=\"ez-toc-section\" id=\"El_poder_de_la_respiracion_consciente\"><\/span>El poder de la respiraci\u00f3n consciente<span class=\"ez-toc-section-end\"><\/span><\/h3>\n\n<p>Nuestra respiraci\u00f3n es el <strong>ancla<\/strong> perfecta para el momento presente. Int\u00e9ntalo ahora: Inspira durante cuatro segundos, aguanta la respiraci\u00f3n dos segundos y espira seis segundos. Rep\u00edtelo tres veces. \u00bfSientes c\u00f3mo se relaja tu cuerpo?   <\/p>\n\n<p>Esta t\u00e9cnica activa el nervio vago, nuestro <strong>sistema calmante<\/strong> natural. Seg\u00fan un estudio de la LMU de M\u00fanich, cinco respiraciones conscientes reducen los niveles de estr\u00e9s en un 22%. <\/p>\n\n<p>Aprovecha los tiempos de espera: respira hondo tres veces mientras preparas el caf\u00e9. Guarda el m\u00f3vil durante la comida. As\u00ed el tiempo se convierte en una peque\u00f1a pausa, sin ning\u00fan esfuerzo adicional.  <\/p>\n\n<h2 class=\"wp-block-heading\"><span class=\"ez-toc-section\" id=\"Ejercicios_de_atencion_plena_para_momentos_especiales\"><\/span>Ejercicios de atenci\u00f3n plena para momentos especiales<span class=\"ez-toc-section-end\"><\/span><\/h2>\n\n<p>Las situaciones emocionales excepcionales requieren estrategias especiales. Cuando la cr\u00edtica interior se hace fuerte o las situaciones estresantes se vuelven abrumadoras, las t\u00e9cnicas espec\u00edficas ayudan a calmar la <strong>mente<\/strong> y a tratar con uno mismo con m\u00e1s paciencia. <\/p>\n\n<h3 class=\"wp-block-heading\"><span class=\"ez-toc-section\" id=\"Superar_las_crisis_con_amabilidad\"><\/span>Superar las crisis con amabilidad<span class=\"ez-toc-section-end\"><\/span><\/h3>\n\n<p>Lo demuestra un estudio de la Universidad de Colonia: Las personas con una fuerte autocompasi\u00f3n se recuperan un 40% m\u00e1s r\u00e1pido de los contratiempos. La clave est\u00e1 en tratarte como a un buen amigo, incluso en los momentos dif\u00edciles. <\/p>\n\n<figure class=\"wp-block-table\"><table class=\"has-fixed-layout\"><tbody><tr><th>Situaci\u00f3n<\/th><th>Respuesta autom\u00e1tica<\/th><th>Alternativa consciente<\/th><\/tr><tr><td>Cr\u00edticas del jefe<\/td><td>Autorreproches, tensi\u00f3n interior<\/td><td>Coloca la mano en el coraz\u00f3n, respira profundamente tres veces.<\/td><\/tr><tr><td>Conflicto privado<\/td><td>Carrusel de ideas<\/td><td>Diga internamente \u00abEsto es dif\u00edcil en este momento\u00bb.<\/td><\/tr><tr><td>Error propio<\/td><td>Pensamiento catastrofista<\/td><td>Repite \u00abTodo el mundo comete errores\u00bb como un mantra<\/td><\/tr><\/tbody><\/table><\/figure>\n\n<p>Prueba este <strong>ejercicio de atenci\u00f3n plena<\/strong> para el estr\u00e9s: coloca una mano sobre el est\u00f3mago y la otra sobre el coraz\u00f3n. Inspira durante cuatro segundos, aguanta dos segundos y espira durante seis segundos. Rep\u00edtelo cinco veces. Esta sencilla t\u00e9cnica conecta <em>cuerpo<\/em> y <em>mente<\/em>.   <\/p>\n\n<p>Otro consejo: por la noche, anota tres <em>cosas<\/em> que hayas hecho bien hoy. Est\u00e1 demostrado que esta pr\u00e1ctica aumenta la autoestima. Como subraya un psic\u00f3logo berlin\u00e9s: \u00abLa autocompasi\u00f3n no es un lujo: es una estrategia de supervivencia\u00bb.  <\/p>\n\n<p>Aproveche los tiempos de espera para hacer peque\u00f1as pausas. Espire conscientemente cuando suene el m\u00f3vil. Relaje los hombros antes de una conversaci\u00f3n dif\u00edcil. Cada <em>d\u00eda<\/em> ofrece oportunidades para ser m\u00e1s consciente de uno mismo.   <\/p>\n\n<h2 class=\"wp-block-heading\"><span class=\"ez-toc-section\" id=\"Consejos_para_integrar_la_atencion_plena_en_la_vida_laboral_cotidiana\"><\/span>Consejos para integrar la atenci\u00f3n plena en la vida laboral cotidiana<span class=\"ez-toc-section-end\"><\/span><\/h2>\n\n<p>En la vida cotidiana de la oficina, los plazos y las tareas pendientes suelen arremolinarse a nuestro alrededor. Pero es precisamente aqu\u00ed donde los peque\u00f1os <strong>ejercicios de atenci\u00f3n plena<\/strong> despliegan todo su poder. Transforman los momentos de estr\u00e9s en oportunidades para la autorregulaci\u00f3n, sin quitarnos m\u00e1s tiempo.  <\/p>\n\n<h3 class=\"wp-block-heading\"><span class=\"ez-toc-section\" id=\"Las_pausas_del_correo_electronico_como_miniejercicio\"><\/span>Las pausas del correo electr\u00f3nico como miniejercicio<span class=\"ez-toc-section-end\"><\/span><\/h3>\n\n<p>Cada mensaje puede servir de ancla. Intenta espirar conscientemente tres veces antes de enviar. Estos segundos reducen tu nivel de estr\u00e9s y agudizan tu concentraci\u00f3n.  <\/p>\n\n<figure class=\"wp-block-table\"><table class=\"has-fixed-layout\"><tbody><tr><th>Situaci\u00f3n<\/th><th>Respuesta autom\u00e1tica<\/th><th>Variante consciente<\/th><\/tr><tr><td>Abrir correo electr\u00f3nico<\/td><td>Responder inmediatamente<\/td><td>Presta atenci\u00f3n a tu respiraci\u00f3n durante 3 segundos<\/td><\/tr><tr><td>Redactar la respuesta<\/td><td>Carrera de ideas<\/td><td>Coloca las palmas de las manos sobre la mesa, siente la conexi\u00f3n a tierra<\/td><\/tr><tr><td>Enviar mensaje<\/td><td>Pr\u00f3xima tarea<\/td><td>Sonr\u00ede conscientemente, relaja los hombros<\/td><\/tr><\/tbody><\/table><\/figure>\n\n<h3 class=\"wp-block-heading\"><span class=\"ez-toc-section\" id=\"Rituales_para_un_mayor_equilibrio_en_el_trabajo\"><\/span>Rituales para un mayor equilibrio en el trabajo<span class=\"ez-toc-section-end\"><\/span><\/h3>\n\n<p>Crear <em>se\u00f1ales de transici\u00f3n<\/em> entre tareas:<\/p>\n\n<ul class=\"wp-block-list\">\n<li>Antes de las reuniones: 30 segundos mirando por la ventana con respiraci\u00f3n consciente.<\/li>\n\n\n\n<li>Despu\u00e9s de las llamadas telef\u00f3nicas: Fr\u00f3tate las manos brevemente: el calor como se\u00f1al de reinicio.<\/li>\n\n\n\n<li>Al tomar caf\u00e9: perciba el olor intensamente en lugar de dar vueltas a sus pensamientos<\/li>\n<\/ul>\n\n<blockquote class=\"wp-block-quote is-layout-flow wp-block-quote-is-layout-flow\">\n<p>\u00abLos empleados con rituales diarios de mindfulness trabajan un 17% m\u00e1s concentrados\u00bb<\/p>\n<\/blockquote>\n\n<p>Un estudio de la Universidad T\u00e9cnica de M\u00fanich lo confirma: S\u00f3lo cuatro semanas de pr\u00e1ctica reducen el <em>caos mental<\/em> en un 34%. Aprovecha la pausa del almuerzo para dar un peque\u00f1o paseo: cada paso entrena tu presencia en <strong>el aqu\u00ed y ahora<\/strong>. <\/p>\n\n<h2 class=\"wp-block-heading\"><span class=\"ez-toc-section\" id=\"Conclusion\"><\/span>Conclusi\u00f3n<span class=\"ez-toc-section-end\"><\/span><\/h2>\n\n<p>Descubra c\u00f3mo peque\u00f1os momentos de atenci\u00f3n pueden enriquecer su <strong>vida<\/strong>. Los m\u00e9todos presentados demuestran que <em>unos pocos minutos<\/em> de <em>pausa<\/em> consciente pueden cambiar tu percepci\u00f3n del estr\u00e9s y del ritmo fren\u00e9tico de la vida cotidiana. <\/p>\n\n<p><strong>Los ejercicios<\/strong> regulares <strong>de atenci\u00f3n plena<\/strong> act\u00faan como un escudo protector contra la sobrecarga mental. Los estudios demuestran efectos mensurables, desde la disminuci\u00f3n de la tensi\u00f3n arterial hasta la mejora de la concentraci\u00f3n. Pru\u00e9belo usted mismo: Aprovecha los tiempos de espera para hacer tres respiraciones conscientes o transforma los tratamientos rutinarios en experiencias sensoriales.  <\/p>\n\n<p>La clave est\u00e1 en la <em>constancia<\/em>, no en la duraci\u00f3n. Empieza hoy mismo con un sencillo <strong>ejercicio<\/strong>: antes de mirar el m\u00f3vil por la ma\u00f1ana, siente conscientemente el colch\u00f3n bajo tu cuerpo. Estos minirrituales entrenan a tu cerebro para afrontar los retos con m\u00e1s calma.  <\/p>\n\n<p>Tus pensamientos merecen m\u00e1s amabilidad. Conc\u00e9dete peque\u00f1os descansos cada d\u00eda, ya sea para tomar un t\u00e9 o para tomar decisiones importantes. Como demuestran los ejemplos del art\u00edculo, incluso las pr\u00e1cticas breves tienen un efecto a largo plazo. El camino hacia la <strong>calma<\/strong> empieza ahora.   <\/p>\n\n<h2 class=\"wp-block-heading\"><span class=\"ez-toc-section\" id=\"FAQ\"><\/span>FAQ<span class=\"ez-toc-section-end\"><\/span><\/h2>\n\n<h3 class=\"wp-block-heading\"><span class=\"ez-toc-section\" id=\"%C2%BFComo_empiezo_con_la_atencion_plena_en_la_vida_cotidiana\"><\/span>\u00bfC\u00f3mo empiezo con la atenci\u00f3n plena en la vida cotidiana?<span class=\"ez-toc-section-end\"><\/span><\/h3>\n\n<p>Empiece con peque\u00f1os pasos: T\u00f3mate 2 o 3 minutos al d\u00eda para respirar conscientemente o realizar una acci\u00f3n rutinaria, como lavarte los dientes, con atenci\u00f3n plena. Aplicaciones como Headspace o Calm ofrecen ejercicios guiados para empezar. <\/p>\n\n<h3 class=\"wp-block-heading\"><span class=\"ez-toc-section\" id=\"%C2%BFCuales_son_los_beneficios_de_la_alimentacion_consciente\"><\/span>\u00bfCu\u00e1les son los beneficios de la alimentaci\u00f3n consciente?<span class=\"ez-toc-section-end\"><\/span><\/h3>\n\n<p>Al masticar despacio y saborear cada bocado, se mejora la digesti\u00f3n y se disfruta m\u00e1s intensamente de las comidas. Los estudios demuestran que esto tambi\u00e9n reduce los antojos y fomenta una relaci\u00f3n m\u00e1s sana con la comida. <\/p>\n\n<h3 class=\"wp-block-heading\"><span class=\"ez-toc-section\" id=\"%C2%BFPuede_la_respiracion_consciente_ayudar_con_el_estres_agudo\"><\/span>\u00bfPuede la respiraci\u00f3n consciente ayudar con el estr\u00e9s agudo?<span class=\"ez-toc-section-end\"><\/span><\/h3>\n\n<p>S\u00f3lo cinco respiraciones abdominales profundas activan el sistema nervioso parasimp\u00e1tico, que calma el cuerpo. Prueba el m\u00e9todo 4-7-8: inhala (4 segundos), aguanta la respiraci\u00f3n (7 segundos), exhala (8 segundos).  <\/p>\n\n<h3 class=\"wp-block-heading\"><span class=\"ez-toc-section\" id=\"%C2%BFComo_puedo_ser_mas_consciente_en_el_trabajo\"><\/span>\u00bfC\u00f3mo puedo ser m\u00e1s consciente en el trabajo?<span class=\"ez-toc-section-end\"><\/span><\/h3>\n\n<p>T\u00f3mate microdescansos: respira hondo antes de cada correo electr\u00f3nico o reuni\u00f3n. Aleja conscientemente el m\u00f3vil mientras trabajas: as\u00ed entrenas tu concentraci\u00f3n y reduces la multitarea. <\/p>\n\n<h3 class=\"wp-block-heading\"><span class=\"ez-toc-section\" id=\"%C2%BFQue_significa_%C2%ABautocompasion%C2%BB_en_la_practica\"><\/span>\u00bfQu\u00e9 significa \u00abautocompasi\u00f3n\u00bb en la pr\u00e1ctica?<span class=\"ez-toc-section-end\"><\/span><\/h3>\n\n<p>Se trata de ser amable con uno mismo, sobre todo en los momentos dif\u00edciles. Recuerda que los errores son humanos: habla para tus adentros como lo har\u00edas con un buen amigo. <\/p>\n\n<h3 class=\"wp-block-heading\"><span class=\"ez-toc-section\" id=\"%C2%BFSe_han_demostrado_cientificamente_los_efectos_del_mindfulness\"><\/span>\u00bfSe han demostrado cient\u00edficamente los efectos del mindfulness?<span class=\"ez-toc-section-end\"><\/span><\/h3>\n\n<p>Investigaciones, por ejemplo de la Universidad de Harvard, demuestran que su pr\u00e1ctica regular reduce la ansiedad, mejora la concentraci\u00f3n e incluso puede reducir los niveles de inflamaci\u00f3n. Los estudios de resonancia magn\u00e9tica muestran cambios en las regiones cerebrales de las emociones. <\/p>\n\n<h3 class=\"wp-block-heading\"><span class=\"ez-toc-section\" id=\"%C2%BFComo_mantener_el_equilibrio_emocional_en_las_crisis\"><\/span>\u00bfC\u00f3mo mantener el equilibrio emocional en las crisis?<span class=\"ez-toc-section-end\"><\/span><\/h3>\n\n<p>Perm\u00edtete sentir emociones sin juzgarlas. Un ejercicio sencillo: nombra la emoci\u00f3n (\u00abEsto es ira\u00bb) y exhala profundamente tres veces. Esto crea distancia y claridad.  <\/p>\n","protected":false},"excerpt":{"rendered":"<p>7 ejercicios para ser m\u00e1s consciente: sencillos y eficaces. Descubre c\u00f3mo puedes reducir el estr\u00e9s y encontrar m\u00e1s serenidad. <\/p>\n","protected":false},"author":1,"featured_media":880,"comment_status":"closed","ping_status":"open","sticky":false,"template":"","format":"standard","meta":{"_kadence_starter_templates_imported_post":false,"_kad_post_transparent":"","_kad_post_title":"","_kad_post_layout":"","_kad_post_sidebar_id":"","_kad_post_content_style":"","_kad_post_vertical_padding":"","_kad_post_feature":"","_kad_post_feature_position":"","_kad_post_header":false,"_kad_post_footer":false,"_kad_post_classname":"","footnotes":""},"categories":[31],"tags":[],"class_list":["post-906","post","type-post","status-publish","format-standard","has-post-thumbnail","hentry","category-salud"],"_links":{"self":[{"href":"https:\/\/europaem.eu\/es\/wp-json\/wp\/v2\/posts\/906","targetHints":{"allow":["GET"]}}],"collection":[{"href":"https:\/\/europaem.eu\/es\/wp-json\/wp\/v2\/posts"}],"about":[{"href":"https:\/\/europaem.eu\/es\/wp-json\/wp\/v2\/types\/post"}],"author":[{"embeddable":true,"href":"https:\/\/europaem.eu\/es\/wp-json\/wp\/v2\/users\/1"}],"replies":[{"embeddable":true,"href":"https:\/\/europaem.eu\/es\/wp-json\/wp\/v2\/comments?post=906"}],"version-history":[{"count":0,"href":"https:\/\/europaem.eu\/es\/wp-json\/wp\/v2\/posts\/906\/revisions"}],"wp:featuredmedia":[{"embeddable":true,"href":"https:\/\/europaem.eu\/es\/wp-json\/wp\/v2\/media\/880"}],"wp:attachment":[{"href":"https:\/\/europaem.eu\/es\/wp-json\/wp\/v2\/media?parent=906"}],"wp:term":[{"taxonomy":"category","embeddable":true,"href":"https:\/\/europaem.eu\/es\/wp-json\/wp\/v2\/categories?post=906"},{"taxonomy":"post_tag","embeddable":true,"href":"https:\/\/europaem.eu\/es\/wp-json\/wp\/v2\/tags?post=906"}],"curies":[{"name":"wp","href":"https:\/\/api.w.org\/{rel}","templated":true}]}}