{"id":843,"date":"2025-03-16T12:14:54","date_gmt":"2025-03-16T11:14:54","guid":{"rendered":"https:\/\/europaem.eu\/alergia-al-niquel-y-problemas-respiratorios\/"},"modified":"2025-03-26T23:40:46","modified_gmt":"2025-03-26T22:40:46","slug":"alergia-al-niquel-y-problemas-respiratorios","status":"publish","type":"post","link":"https:\/\/europaem.eu\/es\/alergia-al-niquel-y-problemas-respiratorios\/","title":{"rendered":"Alergia al n\u00edquel y problemas respiratorios"},"content":{"rendered":"\n<p>\u00bfSab\u00eda que casi el 50% de los adultos alemanes son sensibles al menos a una sustancia? Esta alarmante cifra ilustra lo extendidas que est\u00e1n las alergias y el importante impacto que pueden tener en nuestra vida cotidiana. Especialmente destacable es la prevalencia de la alergia al n\u00edquel, una de las causas m\u00e1s comunes de alergia al n\u00edquel, que no s\u00f3lo provoca reacciones cut\u00e1neas, sino que tambi\u00e9n puede causar problemas respiratorios inducidos por la alergia, como asma y bronquitis cr\u00f3nica.  <\/p>\n\n<p>El n\u00edquel se encuentra en muchos objetos cotidianos como joyas, relojes, monturas de gafas e incluso monedas. Sin embargo, las consecuencias de esta alergia de contacto suelen ir m\u00e1s all\u00e1 de las simples reacciones cut\u00e1neas. Las personas que padecen hipersensibilidad al n\u00edquel tambi\u00e9n pueden sufrir enfermedades respiratorias desencadenadas por los mismos al\u00e9rgenos. Por tanto, las causas de la alergia al n\u00edquel y el tratamiento de los problemas respiratorios representan un importante campo de investigaci\u00f3n para proporcionar a los afectados el alivio que necesitan.   <\/p>\n\n<p>Las amas de casa y los trabajadores del metal se ven especialmente afectados, ya que a menudo enferman por el contacto diario con sales de n\u00edquel y otros al\u00e9rgenos. Si se detecta una enfermedad respiratoria desencadenada por la alergia o un eccema cut\u00e1neo al\u00e9rgico, esto puede llevar incluso a una reducci\u00f3n de la capacidad de ganancia. Por lo tanto, las personas con alergias profesionales deber\u00edan reconsiderar su trabajo o tomar medidas para tratar los problemas respiratorios y evitar el n\u00edquel.  <\/p>\n\n<div id=\"ez-toc-container\" class=\"ez-toc-v2_0_81 counter-hierarchy ez-toc-counter ez-toc-grey ez-toc-container-direction\">\n<div class=\"ez-toc-title-container\">\n<p class=\"ez-toc-title\" style=\"cursor:inherit\">Content<\/p>\n<span class=\"ez-toc-title-toggle\"><a href=\"#\" class=\"ez-toc-pull-right ez-toc-btn ez-toc-btn-xs ez-toc-btn-default ez-toc-toggle\" aria-label=\"Alternar tabla de contenidos\"><span class=\"ez-toc-js-icon-con\"><span class=\"\"><span class=\"eztoc-hide\" style=\"display:none;\">Toggle<\/span><span class=\"ez-toc-icon-toggle-span\"><svg style=\"fill: #999;color:#999\" xmlns=\"http:\/\/www.w3.org\/2000\/svg\" class=\"list-377408\" width=\"20px\" height=\"20px\" viewBox=\"0 0 24 24\" fill=\"none\"><path d=\"M6 6H4v2h2V6zm14 0H8v2h12V6zM4 11h2v2H4v-2zm16 0H8v2h12v-2zM4 16h2v2H4v-2zm16 0H8v2h12v-2z\" fill=\"currentColor\"><\/path><\/svg><svg style=\"fill: #999;color:#999\" class=\"arrow-unsorted-368013\" xmlns=\"http:\/\/www.w3.org\/2000\/svg\" width=\"10px\" height=\"10px\" viewBox=\"0 0 24 24\" version=\"1.2\" baseProfile=\"tiny\"><path d=\"M18.2 9.3l-6.2-6.3-6.2 6.3c-.2.2-.3.4-.3.7s.1.5.3.7c.2.2.4.3.7.3h11c.3 0 .5-.1.7-.3.2-.2.3-.5.3-.7s-.1-.5-.3-.7zM5.8 14.7l6.2 6.3 6.2-6.3c.2-.2.3-.5.3-.7s-.1-.5-.3-.7c-.2-.2-.4-.3-.7-.3h-11c-.3 0-.5.1-.7.3-.2.2-.3.5-.3.7s.1.5.3.7z\"\/><\/svg><\/span><\/span><\/span><\/a><\/span><\/div>\n<nav><ul class='ez-toc-list ez-toc-list-level-1 ' ><li class='ez-toc-page-1 ez-toc-heading-level-2'><a class=\"ez-toc-link ez-toc-heading-1\" href=\"https:\/\/europaem.eu\/es\/alergia-al-niquel-y-problemas-respiratorios\/#Introduccion_a_la_alergia_al_niquel\" >Introducci\u00f3n a la alergia al n\u00edquel<\/a><\/li><li class='ez-toc-page-1 ez-toc-heading-level-2'><a class=\"ez-toc-link ez-toc-heading-2\" href=\"https:\/\/europaem.eu\/es\/alergia-al-niquel-y-problemas-respiratorios\/#Sintomas_de_la_alergia_al_niquel\" >S\u00edntomas de la alergia al n\u00edquel<\/a><ul class='ez-toc-list-level-3' ><li class='ez-toc-heading-level-3'><a class=\"ez-toc-link ez-toc-heading-3\" href=\"https:\/\/europaem.eu\/es\/alergia-al-niquel-y-problemas-respiratorios\/#Reacciones_cutaneas\" >Reacciones cut\u00e1neas<\/a><\/li><li class='ez-toc-page-1 ez-toc-heading-level-3'><a class=\"ez-toc-link ez-toc-heading-4\" href=\"https:\/\/europaem.eu\/es\/alergia-al-niquel-y-problemas-respiratorios\/#Sintomas_sistemicos\" >S\u00edntomas sist\u00e9micos<\/a><\/li><\/ul><\/li><li class='ez-toc-page-1 ez-toc-heading-level-2'><a class=\"ez-toc-link ez-toc-heading-5\" href=\"https:\/\/europaem.eu\/es\/alergia-al-niquel-y-problemas-respiratorios\/#Como_las_alergias_al_niquel_pueden_causar_problemas_respiratorios\" >C\u00f3mo las alergias al n\u00edquel pueden causar problemas respiratorios<\/a><\/li><li class='ez-toc-page-1 ez-toc-heading-level-2'><a class=\"ez-toc-link ez-toc-heading-6\" href=\"https:\/\/europaem.eu\/es\/alergia-al-niquel-y-problemas-respiratorios\/#Diagnostico_de_alergias_al_niquel_y_enfermedades_respiratorias\" >Diagn\u00f3stico de alergias al n\u00edquel y enfermedades respiratorias<\/a><ul class='ez-toc-list-level-3' ><li class='ez-toc-heading-level-3'><a class=\"ez-toc-link ez-toc-heading-7\" href=\"https:\/\/europaem.eu\/es\/alergia-al-niquel-y-problemas-respiratorios\/#Historia_clinica_y_anamnesis\" >Historia cl\u00ednica y anamnesis<\/a><\/li><li class='ez-toc-page-1 ez-toc-heading-level-3'><a class=\"ez-toc-link ez-toc-heading-8\" href=\"https:\/\/europaem.eu\/es\/alergia-al-niquel-y-problemas-respiratorios\/#Pruebas_cutaneas_y_de_laboratorio\" >Pruebas cut\u00e1neas y de laboratorio<\/a><\/li><li class='ez-toc-page-1 ez-toc-heading-level-3'><a class=\"ez-toc-link ez-toc-heading-9\" href=\"https:\/\/europaem.eu\/es\/alergia-al-niquel-y-problemas-respiratorios\/#Pruebas_de_provocacion\" >Pruebas de provocaci\u00f3n<\/a><\/li><\/ul><\/li><li class='ez-toc-page-1 ez-toc-heading-level-2'><a class=\"ez-toc-link ez-toc-heading-10\" href=\"https:\/\/europaem.eu\/es\/alergia-al-niquel-y-problemas-respiratorios\/#Tratamiento_y_gestion_de_las_alergias_al_niquel\" >Tratamiento y gesti\u00f3n de las alergias al n\u00edquel<\/a><ul class='ez-toc-list-level-3' ><li class='ez-toc-heading-level-3'><a class=\"ez-toc-link ez-toc-heading-11\" href=\"https:\/\/europaem.eu\/es\/alergia-al-niquel-y-problemas-respiratorios\/#Tratamiento_farmacologico\" >Tratamiento farmacol\u00f3gico<\/a><\/li><li class='ez-toc-page-1 ez-toc-heading-level-3'><a class=\"ez-toc-link ez-toc-heading-12\" href=\"https:\/\/europaem.eu\/es\/alergia-al-niquel-y-problemas-respiratorios\/#Evitar_el_niquel\" >Evitar el n\u00edquel<\/a><\/li><\/ul><\/li><li class='ez-toc-page-1 ez-toc-heading-level-2'><a class=\"ez-toc-link ez-toc-heading-13\" href=\"https:\/\/europaem.eu\/es\/alergia-al-niquel-y-problemas-respiratorios\/#Prevencion_y_consejos_para_la_vida_cotidiana\" >Prevenci\u00f3n y consejos para la vida cotidiana<\/a><\/li><li class='ez-toc-page-1 ez-toc-heading-level-2'><a class=\"ez-toc-link ez-toc-heading-14\" href=\"https:\/\/europaem.eu\/es\/alergia-al-niquel-y-problemas-respiratorios\/#Relacion_entre_fragancias_alergia_al_niquel_y_problemas_respiratorios\" >Relaci\u00f3n entre fragancias, alergia al n\u00edquel y problemas respiratorios<\/a><\/li><\/ul><\/nav><\/div>\n<h2 class=\"wp-block-heading\"><span class=\"ez-toc-section\" id=\"Introduccion_a_la_alergia_al_niquel\"><\/span>Introducci\u00f3n a la alergia al n\u00edquel<span class=\"ez-toc-section-end\"><\/span><\/h2>\n\n<p>\u00bfQu\u00e9 es la alergia al n\u00edquel? La alergia al n\u00edquel es una forma de alergia de contacto causada por la exposici\u00f3n a materiales que contienen n\u00edquel. Las personas al\u00e9rgicas al n\u00edquel suelen desarrollar erupciones cut\u00e1neas en los puntos de contacto. Estas reacciones pueden ir desde un picor leve a una inflamaci\u00f3n e hinchaz\u00f3n graves.   <\/p>\n\n<p>Las causas de la alergia al n\u00edquel son variadas. Un desencadenante habitual es el contacto constante con joyas que contienen n\u00edquel, como pendientes, collares o pulseras. Sin embargo, objetos cotidianos como monedas, monturas de gafas e incluso algunos alimentos tambi\u00e9n pueden contener n\u00edquel y desencadenar una reacci\u00f3n. La luz ultravioleta y el sudor tambi\u00e9n pueden favorecer la liberaci\u00f3n de iones de n\u00edquel e intensificar as\u00ed la reacci\u00f3n al\u00e9rgica.   <\/p>\n\n<p>La frecuencia de las alergias al n\u00edquel ha aumentado en las \u00faltimas d\u00e9cadas. Seg\u00fan estudios sobre la salud de los adultos en Alemania (2008-2012), las mujeres tienen una mayor prevalencia a lo largo de la vida de alergias al n\u00edquel en comparaci\u00f3n con los hombres. La prevalencia en las mujeres es del 6,4 %, mientras que en los hombres es solo del 2,9 %.  <\/p>\n\n<p>Las alergias tambi\u00e9n son desencadenantes frecuentes del desarrollo de asma en adultos, lo que indica una incidencia significativa en la poblaci\u00f3n adulta. Esta enfermedad respiratoria cr\u00f3nica se da con mayor frecuencia en determinadas familias, lo que indica una predisposici\u00f3n gen\u00e9tica. Todav\u00eda no existe cura para el asma, lo que subraya el car\u00e1cter cr\u00f3nico de la enfermedad.  <\/p>\n\n<figure class=\"wp-block-table\"><table class=\"has-fixed-layout\"><tbody><tr><th>Par\u00e1metros<\/th><th>Valor<\/th><\/tr><tr><td>Prevalencia a lo largo de la vida en las mujeres<\/td><td>6,4%<\/td><\/tr><tr><td>Prevalencia a lo largo de la vida en los hombres<\/td><td>2,9%<\/td><\/tr><tr><td>Prevalencia en la cohorte total<\/td><td>4,7%<\/td><\/tr><\/tbody><\/table><\/figure>\n\n<p>La frecuencia de las alergias al n\u00edquel es significativa y no debe subestimarse. El diagn\u00f3stico precoz y las medidas adecuadas son cruciales para aliviar los s\u00edntomas y mejorar la calidad de vida de los afectados. <\/p>\n\n<h2 class=\"wp-block-heading\"><span class=\"ez-toc-section\" id=\"Sintomas_de_la_alergia_al_niquel\"><\/span>S\u00edntomas de la alergia al n\u00edquel<span class=\"ez-toc-section-end\"><\/span><\/h2>\n\n<p>Las alergias al n\u00edquel est\u00e1n muy extendidas y afectan a alrededor del 10-20% de la poblaci\u00f3n, especialmente a las mujeres que llevan joyas con regularidad. Se distingue principalmente entre <em>reacciones al\u00e9rgicas cut\u00e1neas<\/em> y <em>s\u00edntomas al\u00e9rgicos sistem\u00e1ticos<\/em>. <\/p>\n\n<h3 class=\"wp-block-heading\"><span class=\"ez-toc-section\" id=\"Reacciones_cutaneas\"><\/span>Reacciones cut\u00e1neas<span class=\"ez-toc-section-end\"><\/span><\/h3>\n\n<p>Las reacciones cut\u00e1neas m\u00e1s comunes asociadas a la alergia al n\u00edquel incluyen <strong>eczema causado por el n\u00edquel<\/strong>, enrojecimiento y picor intenso. Estas reacciones al\u00e9rgicas de la piel se producen sobre todo en las zonas que entran en contacto directo con objetos que contienen n\u00edquel, como joyas, relojes o cinturones. En estos casos, <strong>las erupciones cut\u00e1neas causadas por la alergia<\/strong> pueden ser muy desagradables y duraderas. <\/p>\n\n<figure class=\"wp-block-image aligncenter\"><img loading=\"lazy\" decoding=\"async\" width=\"1024\" height=\"683\" src=\"https:\/\/europaem.eu\/wp-content\/uploads\/2025\/03\/Ekzeme-durch-Nickel-1024x683.jpg\" alt=\"Eczema debido al n&#xED;quel\" class=\"wp-image-79\" title=\"Eczema debido al n&#xED;quel\" srcset=\"https:\/\/europaem.eu\/wp-content\/uploads\/2025\/03\/Ekzeme-durch-Nickel-1024x683.jpg 1024w, https:\/\/europaem.eu\/wp-content\/uploads\/2025\/03\/Ekzeme-durch-Nickel-300x200.jpg 300w, https:\/\/europaem.eu\/wp-content\/uploads\/2025\/03\/Ekzeme-durch-Nickel-768x512.jpg 768w, https:\/\/europaem.eu\/wp-content\/uploads\/2025\/03\/Ekzeme-durch-Nickel.jpg 1152w\" sizes=\"auto, (max-width: 1024px) 100vw, 1024px\" \/><figcaption><\/figcaption><\/figure>\n\n<p><\/p>\n\n<h3 class=\"wp-block-heading\"><span class=\"ez-toc-section\" id=\"Sintomas_sistemicos\"><\/span>S\u00edntomas sist\u00e9micos<span class=\"ez-toc-section-end\"><\/span><\/h3>\n\n<p>Adem\u00e1s de <em>las reacciones al\u00e9rgicas cut\u00e1neas<\/em>, pueden aparecer s\u00edntomas sist\u00e9micos que a menudo no se asocian inmediatamente con el n\u00edquel. Dichos <em>s\u00edntomas sist\u00e9micos de alergia<\/em> incluyen <strong>s\u00edntomas respiratorios debidos a alergias<\/strong> como la rinitis al\u00e9rgica o incluso el asma. Las estad\u00edsticas muestran que alrededor del 25-40% de todos los pacientes con alergia al polen no tratada pueden desarrollar asma al\u00e9rgica a lo largo de su vida, y las alergias al n\u00edquel pueden tener efectos similares.  <\/p>\n\n<p>Las reacciones anafil\u00e1cticas, que experimenta alrededor del 1-2% de la poblaci\u00f3n y que incluyen dificultad para respirar y la aparici\u00f3n de erupciones cut\u00e1neas, suelen requerir tratamiento inmediato con antihistam\u00ednicos u otros medicamentos para evitar problemas de salud m\u00e1s graves.<\/p>\n\n<h2 class=\"wp-block-heading\"><span class=\"ez-toc-section\" id=\"Como_las_alergias_al_niquel_pueden_causar_problemas_respiratorios\"><\/span>C\u00f3mo las alergias al n\u00edquel pueden causar problemas respiratorios<span class=\"ez-toc-section-end\"><\/span><\/h2>\n\n<p>La inhalaci\u00f3n de part\u00edculas de n\u00edquel puede provocar importantes problemas respiratorios debidos a alergias en personas sensibilizadas. La fisiopatolog\u00eda de la alergia al n\u00edquel muestra que la exposici\u00f3n al n\u00edquel en el aire puede desencadenar reacciones inflamatorias en las v\u00edas respiratorias. Esta inflamaci\u00f3n es la causa de s\u00edntomas comunes como tos, dificultad respiratoria y sibilancias.  <\/p>\n\n<p>La prevalencia de problemas respiratorios causados por alergias entre la poblaci\u00f3n alemana es notablemente alta. Las estad\u00edsticas muestran que alrededor del 20% de los alemanes padecen hipersensibilidad a diversas sustancias. La tos al\u00e9rgica, en particular, es el s\u00edntoma m\u00e1s com\u00fan de las alergias de tipo I y puede tener graves consecuencias para la calidad de vida de los afectados.  <\/p>\n\n<p>El asma inducida por al\u00e9rgenos tambi\u00e9n est\u00e1 muy extendida; alrededor de siete de cada diez pacientes con asma bronquial experimentan una forma de asma causada por al\u00e9rgenos. La predisposici\u00f3n gen\u00e9tica desempe\u00f1a aqu\u00ed un papel importante: los hijos de padres asm\u00e1ticos tienen un riesgo significativamente mayor de desarrollar tambi\u00e9n la enfermedad. Esto tambi\u00e9n es evidente en la infancia, donde alrededor del 70% de los ni\u00f1os que desarrollan asma muestran s\u00edntomas en los primeros cinco a\u00f1os de vida.  <\/p>\n\n<p>Alrededor de seis millones de personas en Europa padecen rinitis al\u00e9rgica, una afecci\u00f3n que suele presentarse junto con otras enfermedades respiratorias, como la sinusitis. S\u00edntomas como enrojecimiento de la zona nasal, picor, estornudos y producci\u00f3n de mucosidad son t\u00edpicos de la rinitis al\u00e9rgica y pueden mermar gravemente la calidad de vida. Los s\u00edntomas respiratorios cr\u00f3nicos de larga duraci\u00f3n, caracterizados por tos persistente durante m\u00e1s de ocho semanas, pueden provocar molestias importantes y requieren un tratamiento adecuado.  <\/p>\n\n<p>Por lo tanto, es esencial un enfoque exhaustivo del tratamiento de la fisiopatolog\u00eda de la alergia al n\u00edquel para mejorar la calidad de vida de los afectados y minimizar el riesgo de enfermedades respiratorias cr\u00f3nicas. La detecci\u00f3n y el tratamiento precoces del asma inducida por la alergia son especialmente importantes, ya que una intervenci\u00f3n a tiempo aumenta las posibilidades de \u00e9xito del tratamiento y de una posible curaci\u00f3n en la infancia. <\/p>\n\n<h2 class=\"wp-block-heading\"><span class=\"ez-toc-section\" id=\"Diagnostico_de_alergias_al_niquel_y_enfermedades_respiratorias\"><\/span>Diagn\u00f3stico de alergias al n\u00edquel y enfermedades respiratorias<span class=\"ez-toc-section-end\"><\/span><\/h2>\n\n<p>El diagn\u00f3stico de las alergias al n\u00edquel y las enfermedades respiratorias asociadas es un proceso complejo que requiere varios m\u00e9todos de diagn\u00f3stico. En primer lugar, se realiza un historial al\u00e9rgico exhaustivo para documentar los antecedentes m\u00e9dicos y los s\u00edntomas espec\u00edficos. <\/p>\n\n<h3 class=\"wp-block-heading\"><span class=\"ez-toc-section\" id=\"Historia_clinica_y_anamnesis\"><\/span>Historia cl\u00ednica y anamnesis<span class=\"ez-toc-section-end\"><\/span><\/h3>\n\n<p>En caso de alergia, se elabora el historial m\u00e9dico y se registran los s\u00edntomas espec\u00edficos que se producen tras el contacto con materiales que contienen n\u00edquel. Se pregunta a los pacientes sobre su entorno profesional y privado, alergias previas y problemas respiratorios existentes. <\/p>\n\n<h3 class=\"wp-block-heading\"><span class=\"ez-toc-section\" id=\"Pruebas_cutaneas_y_de_laboratorio\"><\/span>Pruebas cut\u00e1neas y de laboratorio<span class=\"ez-toc-section-end\"><\/span><\/h3>\n\n<p>Para confirmar el diagn\u00f3stico de alergia, se utilizan pruebas cut\u00e1neas de alergia, como la prueba del parche, para comprobar la reacci\u00f3n al n\u00edquel. Las pruebas de laboratorio para las alergias tambi\u00e9n pueden identificar anticuerpos espec\u00edficos en la sangre que indican una alergia al n\u00edquel. <\/p>\n\n<h3 class=\"wp-block-heading\"><span class=\"ez-toc-section\" id=\"Pruebas_de_provocacion\"><\/span>Pruebas de provocaci\u00f3n<span class=\"ez-toc-section-end\"><\/span><\/h3>\n\n<p>Las pruebas de provocaci\u00f3n de alergias, tanto cut\u00e1neas como respiratorias, se realizan en condiciones controladas. Estas pruebas permiten seguir de cerca la reacci\u00f3n del organismo al n\u00edquel y confirmar que el n\u00edquel es la causa de las reacciones al\u00e9rgicas. <\/p>\n\n<figure class=\"wp-block-table\"><table class=\"has-fixed-layout\"><tbody><tr><th>M\u00e9todo de diagn\u00f3stico<\/th><th>Sensibilidad<\/th><th>Especificidad<\/th><\/tr><tr><td>Prueba cut\u00e1nea para alergias<\/td><td>64%<\/td><td>77%<\/td><\/tr><tr><td>Pruebas de provocaci\u00f3n bronquial<\/td><td>84%<\/td><td>48%-64%<\/td><\/tr><\/tbody><\/table><\/figure>\n\n<p>La exposici\u00f3n prolongada al n\u00edquel puede provocar enfermedades respiratorias cr\u00f3nicas como la EPOC, cuyo riesgo aumenta considerablemente no s\u00f3lo en los fumadores, sino tambi\u00e9n en los no fumadores. Por lo tanto, es esencial un diagn\u00f3stico cuidadoso de las alergias respiratorias. <\/p>\n\n<h2 class=\"wp-block-heading\"><span class=\"ez-toc-section\" id=\"Tratamiento_y_gestion_de_las_alergias_al_niquel\"><\/span>Tratamiento y gesti\u00f3n de las alergias al n\u00edquel<span class=\"ez-toc-section-end\"><\/span><\/h2>\n\n<p>El tratamiento de las alergias, sobre todo de la alergia al n\u00edquel, requiere un enfoque bien estudiado tanto de la terapia farmacol\u00f3gica como de la evitaci\u00f3n del contacto con el n\u00edquel. Estas medidas ayudan a los afectados a aliviar sus s\u00edntomas y llevar una vida normal. <\/p>\n\n<h3 class=\"wp-block-heading\"><span class=\"ez-toc-section\" id=\"Tratamiento_farmacologico\"><\/span>Tratamiento farmacol\u00f3gico<span class=\"ez-toc-section-end\"><\/span><\/h3>\n\n<p>El tratamiento farmacol\u00f3gico de las alergias al n\u00edquel consiste principalmente en el uso de antihistam\u00ednicos, que son eficaces para las reacciones cut\u00e1neas leves. En casos m\u00e1s graves, cuando se producen reacciones cut\u00e1neas severas, se prescriben cremas con corticosteroides. Estos medicamentos contra la alergia al n\u00edquel son eficaces y alivian r\u00e1pidamente los s\u00edntomas.  <\/p>\n\n<h3 class=\"wp-block-heading\"><span class=\"ez-toc-section\" id=\"Evitar_el_niquel\"><\/span>Evitar el n\u00edquel<span class=\"ez-toc-section-end\"><\/span><\/h3>\n\n<p>La estrategia m\u00e1s importante para evitar el n\u00edquel es reducir al m\u00ednimo el contacto con objetos que lo contengan. Existen varias estrategias para evitar el n\u00edquel que pueden utilizarse en la vida cotidiana. Por ejemplo, al comprar joyas y relojes, puede prestarse atenci\u00f3n a los productos con bajo contenido en n\u00edquel. Los afectados tambi\u00e9n deben procurar elegir art\u00edculos dom\u00e9sticos como cubiertos y utensilios de cocina fabricados con materiales sin n\u00edquel o con bajo contenido en n\u00edquel.   <\/p>\n\n<p>Para obtener consejos cotidianos con bajo contenido en n\u00edquel, es \u00fatil fijarse en el etiquetado de la ropa y los accesorios para asegurarse de que no contienen n\u00edquel. Adem\u00e1s, cubrir las zonas de la piel que entran en contacto con el n\u00edquel puede reducir la exposici\u00f3n. Estas medidas son cruciales para el tratamiento de las alergias al n\u00edquel.  <\/p>\n\n<h2 class=\"wp-block-heading\"><span class=\"ez-toc-section\" id=\"Prevencion_y_consejos_para_la_vida_cotidiana\"><\/span>Prevenci\u00f3n y consejos para la vida cotidiana<span class=\"ez-toc-section-end\"><\/span><\/h2>\n\n<p>La prevenci\u00f3n de las alergias al n\u00edquel es crucial para mejorar la calidad de vida de los al\u00e9rgicos a este metal. La medida m\u00e1s com\u00fan es reducir al m\u00ednimo el contacto con productos que contengan n\u00edquel. Es esencial una educaci\u00f3n exhaustiva sobre las fuentes de n\u00edquel. El contacto de la piel con art\u00edculos que contienen n\u00edquel, como joyas, relojes y hebillas de cintur\u00f3n, puede evitarse a menudo utilizando materiales alternativos.   <\/p>\n\n<p>El cuidado regular de la piel tambi\u00e9n desempe\u00f1a un papel importante. Las cremas hidratantes y las barreras protectoras pueden ayudar a fortalecer la piel y reducir la sensibilizaci\u00f3n al n\u00edquel. Los al\u00e9rgicos tambi\u00e9n deben asegurarse de que sus productos de cuidado de la piel no contengan fragancias ni conservantes irritantes.  <\/p>\n\n<blockquote class=\"wp-block-quote is-layout-flow wp-block-quote-is-layout-flow\">\n<p>Los \u00e1caros del polvo dom\u00e9stico ya no se encuentran a altitudes superiores a 1.500 metros, lo que es beneficioso para los al\u00e9rgicos.<\/p>\n<\/blockquote>\n\n<p>Para las personas con alergias m\u00faltiples, incluida la alergia al n\u00edquel, la Asociaci\u00f3n Alemana de Alergia y Asma (DAAB) ofrece una variedad de productos sin perfume y sin conservantes alerg\u00e9nicos. Estos productos est\u00e1n espec\u00edficamente dise\u00f1ados para mejorar la calidad de vida de las personas al\u00e9rgicas al n\u00edquel y minimizar las reacciones al\u00e9rgicas. Aspirar regularmente con aspiradoras equipadas con filtros HEPA tambi\u00e9n ayuda a reducir los al\u00e9rgenos en el ambiente.  <\/p>\n\n<p>Otros consejos pr\u00e1cticos son utilizar pantallas antipolen durante la temporada de polinizaci\u00f3n, lavarse el pelo con regularidad y evitar el contacto de la piel con plantas que contengan l\u00e1tex. En conjunto, estas medidas ayudan a prevenir de forma integral las alergias al n\u00edquel y a mejorar la calidad de vida general de los al\u00e9rgicos al n\u00edquel. <\/p>\n\n<ol class=\"wp-block-list\">\n<li>Evite los objetos que contengan n\u00edquel<\/li>\n\n\n\n<li>Uso de productos antial\u00e9rgicos<\/li>\n\n\n\n<li>Limpieza peri\u00f3dica del entorno vital<\/li>\n\n\n\n<li>Elecci\u00f3n consciente del destino de las vacaciones y del alojamiento<\/li>\n\n\n\n<li>Aplicaci\u00f3n de medidas de protecci\u00f3n contra el polen<\/li>\n<\/ol>\n\n<h2 class=\"wp-block-heading\"><span class=\"ez-toc-section\" id=\"Relacion_entre_fragancias_alergia_al_niquel_y_problemas_respiratorios\"><\/span>Relaci\u00f3n entre fragancias, alergia al n\u00edquel y problemas respiratorios<span class=\"ez-toc-section-end\"><\/span><\/h2>\n\n<p>Las fragancias son el segundo desencadenante m\u00e1s com\u00fan de alergias cut\u00e1neas despu\u00e9s del n\u00edquel. Al menos el 2% de los austriacos reaccionan a las fragancias con s\u00edntomas como picores y erupciones cut\u00e1neas. En particular, las personas que ya padecen alergias o asma bronquial tienen un mayor riesgo de intolerancia a las fragancias. La exposici\u00f3n prolongada a las fragancias tambi\u00e9n puede provocar reacciones de estr\u00e9s, comparables a los efectos del ruido.   <\/p>\n\n<p>Seg\u00fan la Sociedad Alemana de An\u00e1lisis Medioambiental y del Aire Interior (GUI), los sprays de fragancias y productos similares empeoran considerablemente la calidad del aire interior. Esto puede provocar diversos problemas de salud, como fatiga, dolores de cabeza, mareos y problemas respiratorios. Las personas sensibles a las fragancias suelen experimentar estos s\u00edntomas en espacios p\u00fablicos, lo que puede afectar considerablemente a su calidad de vida.  <\/p>\n\n<p>Una interacci\u00f3n interesante en el caso de las alergias m\u00faltiples es la combinaci\u00f3n de alergia al n\u00edquel y alergia a las fragancias. Estos al\u00e9rgenos pueden reforzarse mutuamente y causar problemas de salud m\u00e1s complejos. Los s\u00edntomas pueden afectar tanto a la piel como a las v\u00edas respiratorias, y la hipersensibilidad a las fragancias suele desarrollarse a\u00f1os despu\u00e9s de los s\u00edntomas iniciales. Por lo tanto, es crucial minimizar la exposici\u00f3n a los al\u00e9rgenos conocidos y garantizar un aire interior limpio para reducir el riesgo de reacciones al\u00e9rgicas y problemas respiratorios.   <\/p>\n","protected":false},"excerpt":{"rendered":"<p>Descubra c\u00f3mo la alergia al n\u00edquel puede causar problemas respiratorios y obtenga consejos para controlar los s\u00edntomas y prevenirla.<\/p>\n","protected":false},"author":1,"featured_media":78,"comment_status":"closed","ping_status":"open","sticky":false,"template":"","format":"standard","meta":{"_kadence_starter_templates_imported_post":false,"_kad_post_transparent":"","_kad_post_title":"","_kad_post_layout":"","_kad_post_sidebar_id":"","_kad_post_content_style":"","_kad_post_vertical_padding":"","_kad_post_feature":"","_kad_post_feature_position":"","_kad_post_header":false,"_kad_post_footer":false,"_kad_post_classname":"","footnotes":""},"categories":[2],"tags":[],"class_list":["post-843","post","type-post","status-publish","format-standard","has-post-thumbnail","hentry","category-sin-categoria"],"_links":{"self":[{"href":"https:\/\/europaem.eu\/es\/wp-json\/wp\/v2\/posts\/843","targetHints":{"allow":["GET"]}}],"collection":[{"href":"https:\/\/europaem.eu\/es\/wp-json\/wp\/v2\/posts"}],"about":[{"href":"https:\/\/europaem.eu\/es\/wp-json\/wp\/v2\/types\/post"}],"author":[{"embeddable":true,"href":"https:\/\/europaem.eu\/es\/wp-json\/wp\/v2\/users\/1"}],"replies":[{"embeddable":true,"href":"https:\/\/europaem.eu\/es\/wp-json\/wp\/v2\/comments?post=843"}],"version-history":[{"count":0,"href":"https:\/\/europaem.eu\/es\/wp-json\/wp\/v2\/posts\/843\/revisions"}],"wp:featuredmedia":[{"embeddable":true,"href":"https:\/\/europaem.eu\/es\/wp-json\/wp\/v2\/media\/78"}],"wp:attachment":[{"href":"https:\/\/europaem.eu\/es\/wp-json\/wp\/v2\/media?parent=843"}],"wp:term":[{"taxonomy":"category","embeddable":true,"href":"https:\/\/europaem.eu\/es\/wp-json\/wp\/v2\/categories?post=843"},{"taxonomy":"post_tag","embeddable":true,"href":"https:\/\/europaem.eu\/es\/wp-json\/wp\/v2\/tags?post=843"}],"curies":[{"name":"wp","href":"https:\/\/api.w.org\/{rel}","templated":true}]}}