{"id":475,"date":"2025-03-11T12:30:48","date_gmt":"2025-03-11T11:30:48","guid":{"rendered":"https:\/\/europaem.eu\/?p=475"},"modified":"2025-03-31T12:52:02","modified_gmt":"2025-03-31T10:52:02","slug":"umweltkrankheiten-fallbeispiele-von-hill","status":"publish","type":"post","link":"https:\/\/europaem.eu\/de\/umweltkrankheiten-fallbeispiele-von-hill\/","title":{"rendered":"Buchtitel: Umweltkrankheiten \u2013 Fallbeispiele und wissenschaftliche Belege von Hill"},"content":{"rendered":"\n<p>In seinem Buch <em>Umweltkrankheiten \u2013 Fallbeispiele und wissenschaftliche Belege<\/em> beleuchtet Dr. Hans-Ulrich Hill die oft vernachl\u00e4ssigten umweltbedingten Ursachen von Krankheiten. Er kritisiert die g\u00e4ngige Praxis, gesundheitliche Beschwerden haupts\u00e4chlich auf individuelle Konstitutionen zur\u00fcckzuf\u00fchren, w\u00e4hrend externe Faktoren wie Schadstoffbelastungen h\u00e4ufig unbeachtet bleiben. Durch die Darstellung konkreter Fallbeispiele und die Pr\u00e4sentation wissenschaftlicher Belege m\u00f6chte Hill ein Bewusstsein f\u00fcr die Relevanz umweltmedizinischer Betrachtungen schaffen.<\/p>\n\n\n\n<div id=\"ez-toc-container\" class=\"ez-toc-v2_0_81 counter-hierarchy ez-toc-counter ez-toc-grey ez-toc-container-direction\">\n<div class=\"ez-toc-title-container\">\n<p class=\"ez-toc-title\" style=\"cursor:inherit\">Content<\/p>\n<span class=\"ez-toc-title-toggle\"><a href=\"#\" class=\"ez-toc-pull-right ez-toc-btn ez-toc-btn-xs ez-toc-btn-default ez-toc-toggle\" aria-label=\"Toggle Table of Content\"><span class=\"ez-toc-js-icon-con\"><span class=\"\"><span class=\"eztoc-hide\" style=\"display:none;\">Toggle<\/span><span class=\"ez-toc-icon-toggle-span\"><svg style=\"fill: #999;color:#999\" xmlns=\"http:\/\/www.w3.org\/2000\/svg\" class=\"list-377408\" width=\"20px\" height=\"20px\" viewBox=\"0 0 24 24\" fill=\"none\"><path d=\"M6 6H4v2h2V6zm14 0H8v2h12V6zM4 11h2v2H4v-2zm16 0H8v2h12v-2zM4 16h2v2H4v-2zm16 0H8v2h12v-2z\" fill=\"currentColor\"><\/path><\/svg><svg style=\"fill: #999;color:#999\" class=\"arrow-unsorted-368013\" xmlns=\"http:\/\/www.w3.org\/2000\/svg\" width=\"10px\" height=\"10px\" viewBox=\"0 0 24 24\" version=\"1.2\" baseProfile=\"tiny\"><path d=\"M18.2 9.3l-6.2-6.3-6.2 6.3c-.2.2-.3.4-.3.7s.1.5.3.7c.2.2.4.3.7.3h11c.3 0 .5-.1.7-.3.2-.2.3-.5.3-.7s-.1-.5-.3-.7zM5.8 14.7l6.2 6.3 6.2-6.3c.2-.2.3-.5.3-.7s-.1-.5-.3-.7c-.2-.2-.4-.3-.7-.3h-11c-.3 0-.5.1-.7.3-.2.2-.3.5-.3.7s.1.5.3.7z\"\/><\/svg><\/span><\/span><\/span><\/a><\/span><\/div>\n<nav><ul class='ez-toc-list ez-toc-list-level-1 ' ><li class='ez-toc-page-1 ez-toc-heading-level-2'><a class=\"ez-toc-link ez-toc-heading-1\" href=\"https:\/\/europaem.eu\/de\/umweltkrankheiten-fallbeispiele-von-hill\/#Inhalt_und_Struktur\" >Inhalt und Struktur:<\/a><\/li><li class='ez-toc-page-1 ez-toc-heading-level-2'><a class=\"ez-toc-link ez-toc-heading-2\" href=\"https:\/\/europaem.eu\/de\/umweltkrankheiten-fallbeispiele-von-hill\/#Staerken_des_Buches\" >St\u00e4rken des Buches:<\/a><ul class='ez-toc-list-level-3' ><li class='ez-toc-heading-level-3'><a class=\"ez-toc-link ez-toc-heading-3\" href=\"https:\/\/europaem.eu\/de\/umweltkrankheiten-fallbeispiele-von-hill\/#1_Tiefgreifende_Fallbeispiele_aus_der_Praxis\" >1. Tiefgreifende Fallbeispiele aus der Praxis<\/a><\/li><li class='ez-toc-page-1 ez-toc-heading-level-3'><a class=\"ez-toc-link ez-toc-heading-4\" href=\"https:\/\/europaem.eu\/de\/umweltkrankheiten-fallbeispiele-von-hill\/#2_Fundierte_wissenschaftliche_Untermauerung\" >2. Fundierte wissenschaftliche Untermauerung<\/a><\/li><li class='ez-toc-page-1 ez-toc-heading-level-3'><a class=\"ez-toc-link ez-toc-heading-5\" href=\"https:\/\/europaem.eu\/de\/umweltkrankheiten-fallbeispiele-von-hill\/#3_Interdisziplinaere_Denkweise\" >3. Interdisziplin\u00e4re Denkweise<\/a><\/li><li class='ez-toc-page-1 ez-toc-heading-level-3'><a class=\"ez-toc-link ez-toc-heading-6\" href=\"https:\/\/europaem.eu\/de\/umweltkrankheiten-fallbeispiele-von-hill\/#4_Kritisches_Hinterfragen_des_medizinischen_Mainstreams\" >4. Kritisches Hinterfragen des medizinischen Mainstreams<\/a><\/li><li class='ez-toc-page-1 ez-toc-heading-level-3'><a class=\"ez-toc-link ez-toc-heading-7\" href=\"https:\/\/europaem.eu\/de\/umweltkrankheiten-fallbeispiele-von-hill\/#5_Empowerment_fuer_Betroffene_und_Angehoerige\" >5. Empowerment f\u00fcr Betroffene und Angeh\u00f6rige<\/a><\/li><li class='ez-toc-page-1 ez-toc-heading-level-3'><a class=\"ez-toc-link ez-toc-heading-8\" href=\"https:\/\/europaem.eu\/de\/umweltkrankheiten-fallbeispiele-von-hill\/#Fazit_der_Staerken\" >Fazit der St\u00e4rken:<\/a><\/li><\/ul><\/li><li class='ez-toc-page-1 ez-toc-heading-level-2'><a class=\"ez-toc-link ez-toc-heading-9\" href=\"https:\/\/europaem.eu\/de\/umweltkrankheiten-fallbeispiele-von-hill\/#Schwaechen_des_Buches\" >Schw\u00e4chen des Buches:<\/a><ul class='ez-toc-list-level-3' ><li class='ez-toc-heading-level-3'><a class=\"ez-toc-link ez-toc-heading-10\" href=\"https:\/\/europaem.eu\/de\/umweltkrankheiten-fallbeispiele-von-hill\/#2_Mangel_an_Ausgewogenheit_Umweltfaktoren_im_absoluten_Fokus\" >2. Mangel an Ausgewogenheit: Umweltfaktoren im absoluten Fokus<\/a><\/li><li class='ez-toc-page-1 ez-toc-heading-level-3'><a class=\"ez-toc-link ez-toc-heading-11\" href=\"https:\/\/europaem.eu\/de\/umweltkrankheiten-fallbeispiele-von-hill\/#3_Repetitive_Argumentationsstruktur_Wenig_redaktionelle_Straffung\" >3. Repetitive Argumentationsstruktur: Wenig redaktionelle Straffung<\/a><\/li><li class='ez-toc-page-1 ez-toc-heading-level-3'><a class=\"ez-toc-link ez-toc-heading-12\" href=\"https:\/\/europaem.eu\/de\/umweltkrankheiten-fallbeispiele-von-hill\/#4_Kritischer_Grundton_%E2%80%93_manchmal_an_der_Grenze_zur_Polemik\" >4. Kritischer Grundton \u2013 manchmal an der Grenze zur Polemik<\/a><\/li><li class='ez-toc-page-1 ez-toc-heading-level-3'><a class=\"ez-toc-link ez-toc-heading-13\" href=\"https:\/\/europaem.eu\/de\/umweltkrankheiten-fallbeispiele-von-hill\/#5_Fehlende_Verortung_im_gesellschaftlichen_Diskurs\" >5. Fehlende Verortung im gesellschaftlichen Diskurs<\/a><\/li><li class='ez-toc-page-1 ez-toc-heading-level-3'><a class=\"ez-toc-link ez-toc-heading-14\" href=\"https:\/\/europaem.eu\/de\/umweltkrankheiten-fallbeispiele-von-hill\/#Fazit_der_Schwaechen\" >Fazit der Schw\u00e4chen:<\/a><\/li><\/ul><\/li><\/ul><\/nav><\/div>\n<h2 class=\"wp-block-heading\"><span class=\"ez-toc-section\" id=\"Inhalt_und_Struktur\"><\/span><strong>Inhalt und Struktur:<\/strong><span class=\"ez-toc-section-end\"><\/span><\/h2>\n\n\n\n<p>Das Buch ist in mehrere Kapitel unterteilt, die verschiedene Aspekte von Umweltkrankheiten behandeln:\u200b<\/p>\n\n\n\n<ol class=\"wp-block-list\">\n<li><strong>Einf\u00fchrung in Umweltkrankheiten:<\/strong> Definition und Relevanz umweltbedingter Erkrankungen.\u200b<\/li>\n\n\n\n<li><strong>Fallbeispiele:<\/strong> Detaillierte Schilderungen von Patientenf\u00e4llen, die auf Umweltbelastungen zur\u00fcckgef\u00fchrt werden.\u200b<\/li>\n\n\n\n<li><strong>Wissenschaftliche Belege:<\/strong> Pr\u00e4sentation aktueller Studien und Forschungsergebnisse zu umweltbedingten Gesundheitsrisiken.\u200b<\/li>\n\n\n\n<li><strong>Kritik am Gesundheitssystem:<\/strong> Analyse der Gr\u00fcnde, warum umweltmedizinische Ursachen oft vernachl\u00e4ssigt werden.\u200b<\/li>\n\n\n\n<li><strong>Empfehlungen:<\/strong> Vorschl\u00e4ge f\u00fcr \u00c4rzte, Patienten und politische Entscheidungstr\u00e4ger, um die Situation zu verbessern.\u200b<\/li>\n<\/ol>\n\n\n\n<h2 class=\"wp-block-heading\"><span class=\"ez-toc-section\" id=\"Staerken_des_Buches\"><\/span><strong>St\u00e4rken des Buches:<\/strong><span class=\"ez-toc-section-end\"><\/span><\/h2>\n\n\n\n<h3 class=\"wp-block-heading\"><span class=\"ez-toc-section\" id=\"1_Tiefgreifende_Fallbeispiele_aus_der_Praxis\"><\/span><strong>1. Tiefgreifende Fallbeispiele aus der Praxis<\/strong><span class=\"ez-toc-section-end\"><\/span><\/h3>\n\n\n\n<p>Eine der gr\u00f6\u00dften St\u00e4rken des Buches liegt in der detaillierten Darstellung realer Patientenf\u00e4lle. Hill beschreibt akribisch, wie Menschen unter unspezifischen Symptomen litten \u2013 z.\u202fB. chronischer Ersch\u00f6pfung, Schlafst\u00f6rungen, Konzentrationsproblemen oder Hautreaktionen \u2013 und wie sich im Verlauf der Diagnostik herausstellte, dass Umweltfaktoren wie Schimmel, Wohngifte, Elektrosmog oder Schwermetalle entscheidende Ausl\u00f6ser waren. Diese Fallstudien sind nicht nur eindrucksvoll, sondern auch methodisch sorgf\u00e4ltig aufgearbeitet: Hill dokumentiert Diagnoseverlauf, \u00e4rztliche Einsch\u00e4tzungen, Laborergebnisse sowie therapeutische Ma\u00dfnahmen.<\/p>\n\n\n\n<p><strong>Warum das wichtig ist:<\/strong><br>Gerade bei komplexen, sogenannten \u201ediffusen\u201c Symptomen erleben viele Betroffene eine jahrelange Odyssee im Gesundheitssystem. Hill gibt diesen Menschen eine Stimme und zeigt, dass Umweltbelastungen als Ursache nicht nur denkbar, sondern oft \u00fcbersehen werden. Die Fallstudien schaffen ein starkes Identifikationspotenzial \u2013 sowohl f\u00fcr Betroffene als auch f\u00fcr Mediziner \u2013 und machen das Buch sehr lebensnah und greifbar.<\/p>\n\n\n\n<h3 class=\"wp-block-heading\"><span class=\"ez-toc-section\" id=\"2_Fundierte_wissenschaftliche_Untermauerung\"><\/span><strong>2. Fundierte wissenschaftliche Untermauerung<\/strong><span class=\"ez-toc-section-end\"><\/span><\/h3>\n\n\n\n<p>Hill bel\u00e4sst es nicht bei Einzelf\u00e4llen. Ein zentraler Wert des Buches liegt in der Verbindung von Praxis mit Theorie: Zu fast jedem Thema, das er behandelt \u2013 ob es um Feinstaub, Weichmacher, L\u00f6sungsmittel, L\u00e4rm oder elektromagnetische Felder geht \u2013 liefert er eine solide Auswahl an Studien, Fachartikeln und Gutachten. Diese sind oft kritisch eingeordnet und bieten dem Leser ein objektives Bild der aktuellen Forschungslage.<\/p>\n\n\n\n<p><strong>Warum das wichtig ist:<\/strong><br>Im Bereich der Umweltmedizin gibt es eine Grauzone zwischen wissenschaftlich fundierter Medizin, subjektiver Erfahrung und spekulativer Alternativmedizin. Hill gelingt es, diese Grauzone zu beleuchten, ohne in Alarmismus oder Pseudowissenschaft abzurutschen. Er argumentiert n\u00fcchtern, faktenbasiert und dennoch engagiert \u2013 eine seltene Kombination in diesem Feld.<\/p>\n\n\n\n<h3 class=\"wp-block-heading\"><span class=\"ez-toc-section\" id=\"3_Interdisziplinaere_Denkweise\"><\/span><strong>3. Interdisziplin\u00e4re Denkweise<\/strong><span class=\"ez-toc-section-end\"><\/span><\/h3>\n\n\n\n<p>Ein weiterer Pluspunkt: Hill \u00fcberschreitet bewusst die Grenzen klassischer medizinischer Fachrichtungen. Er integriert Aspekte der Toxikologie, Bau\u00f6kologie, Psychosomatik, Arbeitsmedizin und sogar Soziologie. Er zeigt, dass Umweltkrankheiten nicht in isolierten Diagnosen gefasst werden k\u00f6nnen, sondern ein umfassendes Denken erfordern \u2013 und oft nur im Zusammenspiel vieler Fachgebiete zu verstehen sind.<\/p>\n\n\n\n<p><strong>Warum das wichtig ist:<\/strong><br>Unsere moderne Medizin ist hochspezialisiert \u2013 was ein Vorteil sein kann, aber h\u00e4ufig dazu f\u00fchrt, dass systemische oder \u201evernetzte\u201c Ursachen \u00fcbersehen werden. Hill pl\u00e4diert f\u00fcr einen ganzheitlichen Blick und liefert dazu einen konstruktiven, differenzierten Beitrag.<\/p>\n\n\n\n<h3 class=\"wp-block-heading\"><span class=\"ez-toc-section\" id=\"4_Kritisches_Hinterfragen_des_medizinischen_Mainstreams\"><\/span><strong>4. Kritisches Hinterfragen des medizinischen Mainstreams<\/strong><span class=\"ez-toc-section-end\"><\/span><\/h3>\n\n\n\n<p>Hill spart nicht mit Kritik am etablierten Gesundheitssystem. Er zeigt auf, wie wirtschaftliche Interessen, Wissensl\u00fccken und politische Einfl\u00fcsse dazu f\u00fchren, dass Umweltursachen von Krankheiten oft nicht ernst genommen oder systematisch ignoriert werden. Dabei bleibt er sachlich und nachvollziehbar \u2013 es geht ihm nicht um Skandalisierung, sondern um Aufkl\u00e4rung.<\/p>\n\n\n\n<p><strong>Warum das wichtig ist:<\/strong><br>Viele Patienten mit Umweltkrankheiten f\u00fchlen sich vom System \u201efallen gelassen\u201c \u2013 nicht verstanden, nicht geh\u00f6rt, nicht behandelt. Hill vermittelt in seinem Buch das Gef\u00fchl, dass diese Problematik real und anerkennenswert ist \u2013 und dass Ver\u00e4nderung m\u00f6glich ist, wenn strukturelle Blindflecken benannt werden.<\/p>\n\n\n\n<h3 class=\"wp-block-heading\"><span class=\"ez-toc-section\" id=\"5_Empowerment_fuer_Betroffene_und_Angehoerige\"><\/span><strong>5. Empowerment f\u00fcr Betroffene und Angeh\u00f6rige<\/strong><span class=\"ez-toc-section-end\"><\/span><\/h3>\n\n\n\n<p>Schlie\u00dflich hat das Buch auch eine starke <strong>aufkl\u00e4rerische und empowernde Wirkung<\/strong>. Hill gibt Betroffenen das Gef\u00fchl, dass ihre Beschwerden ernst zu nehmen sind, auch wenn sie schulmedizinisch oft nicht greifbar scheinen. Durch die Kombination aus Fallberichten, Fachwissen und konkreten Handlungshinweisen wird das Buch zu einer wertvollen Ressource f\u00fcr Menschen, die auf der Suche nach Ursachen und L\u00f6sungen sind.<\/p>\n\n\n\n<h3 class=\"wp-block-heading\"><span class=\"ez-toc-section\" id=\"Fazit_der_Staerken\"><\/span><strong>Fazit der St\u00e4rken:<\/strong><span class=\"ez-toc-section-end\"><\/span><\/h3>\n\n\n\n<p><em>\u201eUmweltkrankheiten\u201c<\/em> von Hans-Ulrich Hill ist weit mehr als eine fachliche Abhandlung \u2013 es ist ein vielschichtiges Werk, das medizinisches Wissen, wissenschaftliche Belege und menschliche Erfahrungen miteinander verkn\u00fcpft. Seine gr\u00f6\u00dfte St\u00e4rke liegt in der F\u00e4higkeit, die komplexen Zusammenh\u00e4nge zwischen Umwelt und Gesundheit nachvollziehbar zu machen \u2013 f\u00fcr \u00c4rzte ebenso wie f\u00fcr Laien. Es schafft Sichtbarkeit f\u00fcr ein Thema, das im medizinischen Alltag h\u00e4ufig \u00fcbersehen wird, und er\u00f6ffnet dringend n\u00f6tige Diskurse.<\/p>\n\n\n\n<h2 class=\"wp-block-heading\"><span class=\"ez-toc-section\" id=\"Schwaechen_des_Buches\"><\/span><strong>Schw\u00e4chen des Buches:<\/strong><span class=\"ez-toc-section-end\"><\/span><\/h2>\n\n\n\n<p><strong>1. Komplexit\u00e4t der Darstellung: Fachlich herausfordernd f\u00fcr Laien<\/strong><\/p>\n\n\n\n<p>Obwohl das Buch sich explizit auch an interessierte Laien richtet, ist ein gro\u00dfer Teil des Inhalts stark medizinisch und wissenschaftlich gepr\u00e4gt.<br>Hill verwendet oft eine <strong>Fachsprache mit wenig didaktischer Aufbereitung<\/strong>, was den Zugang f\u00fcr Leser ohne Vorkenntnisse erschwert. Begriffe wie \u201etoxikologische Schwellenwerte\u201c, \u201emultifaktorielle Pathogenese\u201c oder \u201eepigenetische Modulation durch Umweltfaktoren\u201c werden nicht immer ausreichend erkl\u00e4rt. Zudem sind viele der pr\u00e4sentierten Studien sehr detailliert und mit komplexen Statistiken unterlegt \u2013 ohne begleitende Visualisierungen oder vereinfachte Zusammenfassungen.<br><strong>Konsequenz:<\/strong> Der Lerneffekt bleibt f\u00fcr Laien begrenzt, obwohl genau diese Gruppe f\u00fcr Aufkl\u00e4rung \u00fcber Umweltkrankheiten besonders wichtig w\u00e4re.<\/p>\n\n\n\n<h3 class=\"wp-block-heading\"><span class=\"ez-toc-section\" id=\"2_Mangel_an_Ausgewogenheit_Umweltfaktoren_im_absoluten_Fokus\"><\/span><strong>2. Mangel an Ausgewogenheit: Umweltfaktoren im absoluten Fokus<\/strong><span class=\"ez-toc-section-end\"><\/span><\/h3>\n\n\n\n<p>Hill hat ein klares Anliegen: Er m\u00f6chte aufzeigen, dass <strong>Umweltfaktoren als Krankheitsursache untersch\u00e4tzt werden<\/strong>. Dieses Ziel verfolgt er mit Nachdruck \u2013 jedoch teilweise <strong>zu einseitig<\/strong>. In seinen Fallstudien und Analysen wird selten der Versuch unternommen, <strong>andere potenzielle Ursachen oder Mitverursacher<\/strong> (wie genetische Disposition, Lebensstil, psychische Belastung) differenziert einzubeziehen.<\/p>\n\n\n\n<p>Statt einer integrativen Perspektive auf Krankheitsetiologie dominiert ein <strong>monokausales Erkl\u00e4rungsmodell<\/strong>, in dem Umweltfaktoren fast ausschlie\u00dflich als Ursache gelten. Diese Fokussierung kann den Eindruck erwecken, dass Hill <strong>selektiv argumentiert<\/strong> und andere wissenschaftlich belegte Faktoren bewusst ausblendet.<\/p>\n\n\n\n<h3 class=\"wp-block-heading\"><span class=\"ez-toc-section\" id=\"3_Repetitive_Argumentationsstruktur_Wenig_redaktionelle_Straffung\"><\/span><strong>3. Repetitive Argumentationsstruktur: Wenig redaktionelle Straffung<\/strong><span class=\"ez-toc-section-end\"><\/span><\/h3>\n\n\n\n<p>Inhaltlich wiederholt sich das Buch stellenweise, insbesondere im mittleren Teil. <strong>Mehrere Kapitel kreisen um \u00e4hnliche Argumente<\/strong>, z.\u202fB. \u00fcber die Untersch\u00e4tzung toxischer Substanzen im Alltag oder die mangelnde Umweltmedizin-Ausbildung in der \u00c4rzteschaft. Die Beispiele und Belege sind zwar fundiert, doch <strong>strukturieren sich diese Wiederholungen nicht in neue Erkenntnisse<\/strong>, sondern wirken teilweise wie Variation desselben Gedankens.<\/p>\n\n\n\n<p><strong>Leserfreundlichere Gliederung und K\u00fcrzung<\/strong> h\u00e4tten der Wirkung des Buches gutgetan. Auch \u00dcbersichtsseiten oder zusammenfassende Kernaussagen am Kapitelende fehlen \u2013 das erschwert die Aufnahme der zentralen Botschaften.<\/p>\n\n\n\n<h3 class=\"wp-block-heading\"><span class=\"ez-toc-section\" id=\"4_Kritischer_Grundton_%E2%80%93_manchmal_an_der_Grenze_zur_Polemik\"><\/span><strong>4. Kritischer Grundton \u2013 manchmal an der Grenze zur Polemik<\/strong><span class=\"ez-toc-section-end\"><\/span><\/h3>\n\n\n\n<p>Hill \u00fcbt berechtigte Kritik am Gesundheitssystem, an der Umweltpolitik sowie an Teilen der akademischen Medizin. Allerdings wird dieser kritische Ton stellenweise <strong>sehr zugespitzt<\/strong>, etwa wenn er suggeriert, dass die konventionelle Medizin absichtlich Umweltfaktoren ignoriert oder Betroffene systematisch marginalisiert.<\/p>\n\n\n\n<p>Diese <strong>pointierte Argumentation<\/strong> wirkt gelegentlich <strong>emotional aufgeladen<\/strong> und gef\u00e4hrdet die wissenschaftliche Neutralit\u00e4t, die gerade bei einem sensiblen Thema wie Umweltkrankheiten essenziell ist. Einige Passagen k\u00f6nnten deshalb Leserinnen und Leser, die eine differenzierte Sichtweise suchen, eher abschrecken.<\/p>\n\n\n\n<h3 class=\"wp-block-heading\"><span class=\"ez-toc-section\" id=\"5_Fehlende_Verortung_im_gesellschaftlichen_Diskurs\"><\/span><strong>5. Fehlende Verortung im gesellschaftlichen Diskurs<\/strong><span class=\"ez-toc-section-end\"><\/span><\/h3>\n\n\n\n<p>Obwohl Umweltkrankheiten ein hochrelevantes gesellschaftliches Thema sind, <strong>fehlt dem Buch eine Einbindung in aktuelle politische, soziale oder juristische Diskurse<\/strong>. Beispielsweise wird kaum diskutiert, wie sich Erkenntnisse aus dem Buch in bestehende Gesundheits- oder Umweltgesetze einordnen lassen, oder wie man den \u00f6ffentlichen Diskurs \u00fcber Umweltmedizin st\u00e4rken k\u00f6nnte.<\/p>\n\n\n\n<p>Eine Verbindung zu zivilgesellschaftlichen Initiativen, Umwelt-NGOs oder internationalen Standards (z.\u202fB. WHO-Leitlinien) fehlt fast v\u00f6llig \u2013 das w\u00e4re jedoch hilfreich, um der Thematik mehr Nachdruck im politischen Raum zu verleihen.<\/p>\n\n\n\n<h3 class=\"wp-block-heading\"><span class=\"ez-toc-section\" id=\"Fazit_der_Schwaechen\"><\/span><strong>Fazit der Schw\u00e4chen:<\/strong><span class=\"ez-toc-section-end\"><\/span><\/h3>\n\n\n\n<p>Hill liefert ein leidenschaftliches und faktenreiches Pl\u00e4doyer f\u00fcr mehr Aufmerksamkeit gegen\u00fcber Umweltkrankheiten. Doch <strong>die fehlende didaktische Aufbereitung, eine teilweise dogmatische Argumentation, redaktionelle L\u00e4ngen und ein zu enger Fokus auf Umweltfaktoren<\/strong> mindern die \u00dcberzeugungskraft des Buches \u2013 besonders f\u00fcr ein breites Publikum oder kritisch reflektierende Leser.<br>Gerade wenn das Ziel Aufkl\u00e4rung ist, w\u00e4re eine <strong>offenere, dialogischere Darstellung<\/strong> wirksamer gewesen.<\/p>\n","protected":false},"excerpt":{"rendered":"<p>In seinem Buch Umweltkrankheiten \u2013 Fallbeispiele und wissenschaftliche Belege beleuchtet Dr. Hans-Ulrich Hill die oft vernachl\u00e4ssigten umweltbedingten Ursachen von Krankheiten. Er kritisiert die g\u00e4ngige Praxis, gesundheitliche Beschwerden haupts\u00e4chlich auf individuelle Konstitutionen zur\u00fcckzuf\u00fchren, w\u00e4hrend externe Faktoren wie Schadstoffbelastungen h\u00e4ufig unbeachtet bleiben. Durch die Darstellung konkreter Fallbeispiele und die Pr\u00e4sentation wissenschaftlicher Belege m\u00f6chte Hill ein Bewusstsein f\u00fcr&#8230;<\/p>\n","protected":false},"author":1,"featured_media":910,"comment_status":"closed","ping_status":"open","sticky":false,"template":"","format":"standard","meta":{"_kadence_starter_templates_imported_post":false,"_kad_post_transparent":"","_kad_post_title":"","_kad_post_layout":"","_kad_post_sidebar_id":"","_kad_post_content_style":"","_kad_post_vertical_padding":"","_kad_post_feature":"","_kad_post_feature_position":"","_kad_post_header":false,"_kad_post_footer":false,"_kad_post_classname":"","footnotes":""},"categories":[34,1],"tags":[],"class_list":["post-475","post","type-post","status-publish","format-standard","has-post-thumbnail","hentry","category-magazin","category-blog"],"_links":{"self":[{"href":"https:\/\/europaem.eu\/de\/wp-json\/wp\/v2\/posts\/475","targetHints":{"allow":["GET"]}}],"collection":[{"href":"https:\/\/europaem.eu\/de\/wp-json\/wp\/v2\/posts"}],"about":[{"href":"https:\/\/europaem.eu\/de\/wp-json\/wp\/v2\/types\/post"}],"author":[{"embeddable":true,"href":"https:\/\/europaem.eu\/de\/wp-json\/wp\/v2\/users\/1"}],"replies":[{"embeddable":true,"href":"https:\/\/europaem.eu\/de\/wp-json\/wp\/v2\/comments?post=475"}],"version-history":[{"count":0,"href":"https:\/\/europaem.eu\/de\/wp-json\/wp\/v2\/posts\/475\/revisions"}],"wp:featuredmedia":[{"embeddable":true,"href":"https:\/\/europaem.eu\/de\/wp-json\/wp\/v2\/media\/910"}],"wp:attachment":[{"href":"https:\/\/europaem.eu\/de\/wp-json\/wp\/v2\/media?parent=475"}],"wp:term":[{"taxonomy":"category","embeddable":true,"href":"https:\/\/europaem.eu\/de\/wp-json\/wp\/v2\/categories?post=475"},{"taxonomy":"post_tag","embeddable":true,"href":"https:\/\/europaem.eu\/de\/wp-json\/wp\/v2\/tags?post=475"}],"curies":[{"name":"wp","href":"https:\/\/api.w.org\/{rel}","templated":true}]}}